{"id":1555,"date":"2024-10-27T21:57:10","date_gmt":"2024-10-27T21:57:10","guid":{"rendered":"https:\/\/grandmosque-iceland.is\/?p=1555"},"modified":"2024-12-13T22:02:47","modified_gmt":"2024-12-13T22:02:47","slug":"baenatimar-fyrir-november-2024","status":"publish","type":"post","link":"https:\/\/grandmosque-iceland.is\/?p=1555","title":{"rendered":"B\u00e6nat\u00edmar fyrir n\u00f3vember 2024"},"content":{"rendered":"<p><img decoding=\"async\" src=\"https:\/\/scontent.frba1-4.fna.fbcdn.net\/v\/t39.30808-6\/465008283_965206618978941_3275237162235300902_n.jpg?_nc_cat=108&amp;ccb=1-7&amp;_nc_sid=127cfc&amp;_nc_eui2=AeEALpeGXBCoEu3KIZLVRxCbL3LjLkyiL7YvcuMuTKIvtuRlM5-p421rFZq6Iax0z1WJP1n2F1iROwcTP-R8hHji&amp;_nc_ohc=w-bBfrhceiwQ7kNvgEeNhNi&amp;_nc_zt=23&amp;_nc_ht=scontent.frba1-4.fna&amp;_nc_gid=AwVpwjJqrugs4aT8rJ8krwR&amp;oh=00_AYCqgtLVSyvs4k17s9LRPmPWDU9eNDR9RdV-o3zwReZwWA&amp;oe=67627812\" alt=\"May be an image of map and text\" \/><\/p>\n","protected":false},"excerpt":{"rendered":"","protected":false},"author":1,"featured_media":1557,"comment_status":"closed","ping_status":"open","sticky":false,"template":"","format":"standard","meta":{"footnotes":""},"categories":[44],"tags":[],"class_list":["post-1555","post","type-post","status-publish","format-standard","has-post-thumbnail","hentry","category-namskeidin-okkar"],"yoast_head":"<!-- This site is optimized with the Yoast SEO plugin v27.5 - https:\/\/yoast.com\/product\/yoast-seo-wordpress\/ -->\n<title>B\u00e6nat\u00edmar fyrir n\u00f3vember 2024 - St\u00f3rmoskan \u00e1 \u00edslands<\/title>\n<meta name=\"robots\" content=\"index, follow, max-snippet:-1, max-image-preview:large, max-video-preview:-1\" \/>\n<link rel=\"canonical\" href=\"https:\/\/grandmosque-iceland.is\/?p=1555\" \/>\n<meta property=\"og:locale\" content=\"is_IS\" \/>\n<meta property=\"og:type\" content=\"article\" \/>\n<meta property=\"og:title\" content=\"B\u00e6nat\u00edmar fyrir n\u00f3vember 2024 - St\u00f3rmoskan \u00e1 \u00edslands\" \/>\n<meta property=\"og:url\" content=\"https:\/\/grandmosque-iceland.is\/?p=1555\" \/>\n<meta property=\"og:site_name\" content=\"St\u00f3rmoskan \u00e1 \u00edslands\" \/>\n<meta property=\"article:published_time\" content=\"2024-10-27T21:57:10+00:00\" \/>\n<meta property=\"article:modified_time\" content=\"2024-12-13T22:02:47+00:00\" \/>\n<meta property=\"og:image\" content=\"http:\/\/grandmosque-iceland.is\/wp-content\/uploads\/2024\/10\/465008283_965206618978941_3275237162235300902_n.jpg\" \/>\n\t<meta property=\"og:image:width\" content=\"1131\" \/>\n\t<meta property=\"og:image:height\" content=\"1600\" \/>\n\t<meta property=\"og:image:type\" content=\"image\/jpeg\" \/>\n<meta name=\"author\" content=\"Mehwar Medias\" \/>\n<meta name=\"twitter:card\" content=\"summary_large_image\" \/>\n<meta name=\"twitter:label1\" content=\"Written by\" \/>\n\t<meta name=\"twitter:data1\" content=\"Mehwar Medias\" \/>\n\t<meta name=\"twitter:label2\" content=\"Est. reading time\" \/>\n\t<meta name=\"twitter:data2\" content=\"1 minute\" \/>\n<script type=\"application\/ld+json\" class=\"yoast-schema-graph\">{\"@context\":\"https:\\\/\\\/schema.org\",\"@graph\":[{\"@type\":\"Article\",\"@id\":\"https:\\\/\\\/grandmosque-iceland.is\\\/?p=1555#article\",\"isPartOf\":{\"@id\":\"https:\\\/\\\/grandmosque-iceland.is\\\/?p=1555\"},\"author\":{\"name\":\"Mehwar Medias\",\"@id\":\"https:\\\/\\\/grandmosque-iceland.is\\\/#\\\/schema\\\/person\\\/9bdfd07e80733baa73065e1c00cc1219\"},\"headline\":\"B\u00e6nat\u00edmar fyrir n\u00f3vember 2024\",\"datePublished\":\"2024-10-27T21:57:10+00:00\",\"dateModified\":\"2024-12-13T22:02:47+00:00\",\"mainEntityOfPage\":{\"@id\":\"https:\\\/\\\/grandmosque-iceland.is\\\/?p=1555\"},\"wordCount\":6,\"publisher\":{\"@id\":\"https:\\\/\\\/grandmosque-iceland.is\\\/#organization\"},\"image\":{\"@id\":\"https:\\\/\\\/grandmosque-iceland.is\\\/?p=1555#primaryimage\"},\"thumbnailUrl\":\"https:\\\/\\\/grandmosque-iceland.is\\\/wp-content\\\/uploads\\\/2024\\\/10\\\/465008283_965206618978941_3275237162235300902_n.jpg\",\"articleSection\":[\"N\u00e1mskei\u00f0in okkar\"],\"inLanguage\":\"is\"},{\"@type\":\"WebPage\",\"@id\":\"https:\\\/\\\/grandmosque-iceland.is\\\/?p=1555\",\"url\":\"https:\\\/\\\/grandmosque-iceland.is\\\/?p=1555\",\"name\":\"B\u00e6nat\u00edmar fyrir n\u00f3vember 2024 - St\u00f3rmoskan \u00e1 \u00edslands\",\"isPartOf\":{\"@id\":\"https:\\\/\\\/grandmosque-iceland.is\\\/#website\"},\"primaryImageOfPage\":{\"@id\":\"https:\\\/\\\/grandmosque-iceland.is\\\/?p=1555#primaryimage\"},\"image\":{\"@id\":\"https:\\\/\\\/grandmosque-iceland.is\\\/?p=1555#primaryimage\"},\"thumbnailUrl\":\"https:\\\/\\\/grandmosque-iceland.is\\\/wp-content\\\/uploads\\\/2024\\\/10\\\/465008283_965206618978941_3275237162235300902_n.jpg\",\"datePublished\":\"2024-10-27T21:57:10+00:00\",\"dateModified\":\"2024-12-13T22:02:47+00:00\",\"breadcrumb\":{\"@id\":\"https:\\\/\\\/grandmosque-iceland.is\\\/?p=1555#breadcrumb\"},\"inLanguage\":\"is\",\"potentialAction\":[{\"@type\":\"ReadAction\",\"target\":[\"https:\\\/\\\/grandmosque-iceland.is\\\/?p=1555\"]}]},{\"@type\":\"ImageObject\",\"inLanguage\":\"is\",\"@id\":\"https:\\\/\\\/grandmosque-iceland.is\\\/?p=1555#primaryimage\",\"url\":\"https:\\\/\\\/grandmosque-iceland.is\\\/wp-content\\\/uploads\\\/2024\\\/10\\\/465008283_965206618978941_3275237162235300902_n.jpg\",\"contentUrl\":\"https:\\\/\\\/grandmosque-iceland.is\\\/wp-content\\\/uploads\\\/2024\\\/10\\\/465008283_965206618978941_3275237162235300902_n.jpg\",\"width\":1131,\"height\":1600},{\"@type\":\"BreadcrumbList\",\"@id\":\"https:\\\/\\\/grandmosque-iceland.is\\\/?p=1555#breadcrumb\",\"itemListElement\":[{\"@type\":\"ListItem\",\"position\":1,\"name\":\"Home\",\"item\":\"https:\\\/\\\/grandmosque-iceland.is\\\/\"},{\"@type\":\"ListItem\",\"position\":2,\"name\":\"B\u00e6nat\u00edmar fyrir n\u00f3vember 2024\"}]},{\"@type\":\"WebSite\",\"@id\":\"https:\\\/\\\/grandmosque-iceland.is\\\/#website\",\"url\":\"https:\\\/\\\/grandmosque-iceland.is\\\/\",\"name\":\"St\u00f3rmoskan \u00e1 \u00edslands\",\"description\":\"\",\"publisher\":{\"@id\":\"https:\\\/\\\/grandmosque-iceland.is\\\/#organization\"},\"potentialAction\":[{\"@type\":\"SearchAction\",\"target\":{\"@type\":\"EntryPoint\",\"urlTemplate\":\"https:\\\/\\\/grandmosque-iceland.is\\\/?s={search_term_string}\"},\"query-input\":{\"@type\":\"PropertyValueSpecification\",\"valueRequired\":true,\"valueName\":\"search_term_string\"}}],\"inLanguage\":\"is\"},{\"@type\":\"Organization\",\"@id\":\"https:\\\/\\\/grandmosque-iceland.is\\\/#organization\",\"name\":\"St\u00f3rmoskan \u00e1 \u00edslands\",\"url\":\"https:\\\/\\\/grandmosque-iceland.is\\\/\",\"logo\":{\"@type\":\"ImageObject\",\"inLanguage\":\"is\",\"@id\":\"https:\\\/\\\/grandmosque-iceland.is\\\/#\\\/schema\\\/logo\\\/image\\\/\",\"url\":\"https:\\\/\\\/grandmosque-iceland.is\\\/wp-content\\\/uploads\\\/2019\\\/12\\\/logo-n-1.png\",\"contentUrl\":\"https:\\\/\\\/grandmosque-iceland.is\\\/wp-content\\\/uploads\\\/2019\\\/12\\\/logo-n-1.png\",\"width\":236,\"height\":85,\"caption\":\"St\u00f3rmoskan \u00e1 \u00edslands\"},\"image\":{\"@id\":\"https:\\\/\\\/grandmosque-iceland.is\\\/#\\\/schema\\\/logo\\\/image\\\/\"}},{\"@type\":\"Person\",\"@id\":\"https:\\\/\\\/grandmosque-iceland.is\\\/#\\\/schema\\\/person\\\/9bdfd07e80733baa73065e1c00cc1219\",\"name\":\"Mehwar Medias\",\"url\":\"https:\\\/\\\/grandmosque-iceland.is\\\/?author=1\"}]}<\/script>\n<!-- \/ Yoast SEO plugin. -->","yoast_head_json":{"title":"B\u00e6nat\u00edmar fyrir n\u00f3vember 2024 - St\u00f3rmoskan \u00e1 \u00edslands","robots":{"index":"index","follow":"follow","max-snippet":"max-snippet:-1","max-image-preview":"max-image-preview:large","max-video-preview":"max-video-preview:-1"},"canonical":"https:\/\/grandmosque-iceland.is\/?p=1555","og_locale":"is_IS","og_type":"article","og_title":"B\u00e6nat\u00edmar fyrir n\u00f3vember 2024 - St\u00f3rmoskan \u00e1 \u00edslands","og_url":"https:\/\/grandmosque-iceland.is\/?p=1555","og_site_name":"St\u00f3rmoskan \u00e1 \u00edslands","article_published_time":"2024-10-27T21:57:10+00:00","article_modified_time":"2024-12-13T22:02:47+00:00","og_image":[{"width":1131,"height":1600,"url":"http:\/\/grandmosque-iceland.is\/wp-content\/uploads\/2024\/10\/465008283_965206618978941_3275237162235300902_n.jpg","type":"image\/jpeg"}],"author":"Mehwar Medias","twitter_card":"summary_large_image","twitter_misc":{"Written by":"Mehwar Medias","Est. reading time":"1 minute"},"schema":{"@context":"https:\/\/schema.org","@graph":[{"@type":"Article","@id":"https:\/\/grandmosque-iceland.is\/?p=1555#article","isPartOf":{"@id":"https:\/\/grandmosque-iceland.is\/?p=1555"},"author":{"name":"Mehwar Medias","@id":"https:\/\/grandmosque-iceland.is\/#\/schema\/person\/9bdfd07e80733baa73065e1c00cc1219"},"headline":"B\u00e6nat\u00edmar fyrir n\u00f3vember 2024","datePublished":"2024-10-27T21:57:10+00:00","dateModified":"2024-12-13T22:02:47+00:00","mainEntityOfPage":{"@id":"https:\/\/grandmosque-iceland.is\/?p=1555"},"wordCount":6,"publisher":{"@id":"https:\/\/grandmosque-iceland.is\/#organization"},"image":{"@id":"https:\/\/grandmosque-iceland.is\/?p=1555#primaryimage"},"thumbnailUrl":"https:\/\/grandmosque-iceland.is\/wp-content\/uploads\/2024\/10\/465008283_965206618978941_3275237162235300902_n.jpg","articleSection":["N\u00e1mskei\u00f0in okkar"],"inLanguage":"is"},{"@type":"WebPage","@id":"https:\/\/grandmosque-iceland.is\/?p=1555","url":"https:\/\/grandmosque-iceland.is\/?p=1555","name":"B\u00e6nat\u00edmar fyrir n\u00f3vember 2024 - St\u00f3rmoskan \u00e1 \u00edslands","isPartOf":{"@id":"https:\/\/grandmosque-iceland.is\/#website"},"primaryImageOfPage":{"@id":"https:\/\/grandmosque-iceland.is\/?p=1555#primaryimage"},"image":{"@id":"https:\/\/grandmosque-iceland.is\/?p=1555#primaryimage"},"thumbnailUrl":"https:\/\/grandmosque-iceland.is\/wp-content\/uploads\/2024\/10\/465008283_965206618978941_3275237162235300902_n.jpg","datePublished":"2024-10-27T21:57:10+00:00","dateModified":"2024-12-13T22:02:47+00:00","breadcrumb":{"@id":"https:\/\/grandmosque-iceland.is\/?p=1555#breadcrumb"},"inLanguage":"is","potentialAction":[{"@type":"ReadAction","target":["https:\/\/grandmosque-iceland.is\/?p=1555"]}]},{"@type":"ImageObject","inLanguage":"is","@id":"https:\/\/grandmosque-iceland.is\/?p=1555#primaryimage","url":"https:\/\/grandmosque-iceland.is\/wp-content\/uploads\/2024\/10\/465008283_965206618978941_3275237162235300902_n.jpg","contentUrl":"https:\/\/grandmosque-iceland.is\/wp-content\/uploads\/2024\/10\/465008283_965206618978941_3275237162235300902_n.jpg","width":1131,"height":1600},{"@type":"BreadcrumbList","@id":"https:\/\/grandmosque-iceland.is\/?p=1555#breadcrumb","itemListElement":[{"@type":"ListItem","position":1,"name":"Home","item":"https:\/\/grandmosque-iceland.is\/"},{"@type":"ListItem","position":2,"name":"B\u00e6nat\u00edmar fyrir n\u00f3vember 2024"}]},{"@type":"WebSite","@id":"https:\/\/grandmosque-iceland.is\/#website","url":"https:\/\/grandmosque-iceland.is\/","name":"St\u00f3rmoskan \u00e1 \u00edslands","description":"","publisher":{"@id":"https:\/\/grandmosque-iceland.is\/#organization"},"potentialAction":[{"@type":"SearchAction","target":{"@type":"EntryPoint","urlTemplate":"https:\/\/grandmosque-iceland.is\/?s={search_term_string}"},"query-input":{"@type":"PropertyValueSpecification","valueRequired":true,"valueName":"search_term_string"}}],"inLanguage":"is"},{"@type":"Organization","@id":"https:\/\/grandmosque-iceland.is\/#organization","name":"St\u00f3rmoskan \u00e1 \u00edslands","url":"https:\/\/grandmosque-iceland.is\/","logo":{"@type":"ImageObject","inLanguage":"is","@id":"https:\/\/grandmosque-iceland.is\/#\/schema\/logo\/image\/","url":"https:\/\/grandmosque-iceland.is\/wp-content\/uploads\/2019\/12\/logo-n-1.png","contentUrl":"https:\/\/grandmosque-iceland.is\/wp-content\/uploads\/2019\/12\/logo-n-1.png","width":236,"height":85,"caption":"St\u00f3rmoskan \u00e1 \u00edslands"},"image":{"@id":"https:\/\/grandmosque-iceland.is\/#\/schema\/logo\/image\/"}},{"@type":"Person","@id":"https:\/\/grandmosque-iceland.is\/#\/schema\/person\/9bdfd07e80733baa73065e1c00cc1219","name":"Mehwar Medias","url":"https:\/\/grandmosque-iceland.is\/?author=1"}]}},"amp_enabled":true,"_links":{"self":[{"href":"https:\/\/grandmosque-iceland.is\/index.php?rest_route=\/wp\/v2\/posts\/1555","targetHints":{"allow":["GET"]}}],"collection":[{"href":"https:\/\/grandmosque-iceland.is\/index.php?rest_route=\/wp\/v2\/posts"}],"about":[{"href":"https:\/\/grandmosque-iceland.is\/index.php?rest_route=\/wp\/v2\/types\/post"}],"author":[{"embeddable":true,"href":"https:\/\/grandmosque-iceland.is\/index.php?rest_route=\/wp\/v2\/users\/1"}],"replies":[{"embeddable":true,"href":"https:\/\/grandmosque-iceland.is\/index.php?rest_route=%2Fwp%2Fv2%2Fcomments&post=1555"}],"version-history":[{"count":1,"href":"https:\/\/grandmosque-iceland.is\/index.php?rest_route=\/wp\/v2\/posts\/1555\/revisions"}],"predecessor-version":[{"id":1556,"href":"https:\/\/grandmosque-iceland.is\/index.php?rest_route=\/wp\/v2\/posts\/1555\/revisions\/1556"}],"wp:featuredmedia":[{"embeddable":true,"href":"https:\/\/grandmosque-iceland.is\/index.php?rest_route=\/wp\/v2\/media\/1557"}],"wp:attachment":[{"href":"https:\/\/grandmosque-iceland.is\/index.php?rest_route=%2Fwp%2Fv2%2Fmedia&parent=1555"}],"wp:term":[{"taxonomy":"category","embeddable":true,"href":"https:\/\/grandmosque-iceland.is\/index.php?rest_route=%2Fwp%2Fv2%2Fcategories&post=1555"},{"taxonomy":"post_tag","embeddable":true,"href":"https:\/\/grandmosque-iceland.is\/index.php?rest_route=%2Fwp%2Fv2%2Ftags&post=1555"}],"curies":[{"name":"wp","href":"https:\/\/api.w.org\/{rel}","templated":true}]}}