{"id":1448,"date":"2020-09-15T11:44:38","date_gmt":"2020-09-15T11:44:38","guid":{"rendered":"http:\/\/grandmosque-iceland.is\/?p=1448"},"modified":"2020-09-15T11:44:40","modified_gmt":"2020-09-15T11:44:40","slug":"fyrsti-baenaturn-islands-merki-til-heimsins-um-umburdarlyndi-landsins","status":"publish","type":"post","link":"https:\/\/grandmosque-iceland.is\/?p=1448","title":{"rendered":"Fyrsti b\u00e6na\u00adturn \u00cds\u00adlands merki til heimsins um um\u00adbur\u00f0ar\u00adlyndi landsins"},"content":{"rendered":"\n<p class=\"has-drop-cap\">Ka\u00adrim Askari, stj\u00f3rnar\u00adfor\u00adma\u00f0ur Stofnunar m\u00fasl\u00edma \u00e1 \u00cds\u00adlandi, segir a\u00f0 b\u00e6na\u00adturninn sem n\u00fa s\u00e9 veri\u00f0 a\u00f0 reisa vi\u00f0 mosku f\u00e9\u00adlagsins \u00ed Hl\u00ed\u00f0unum \u00ed Reykja\u00adv\u00edk s\u00e9 s\u00e1 fyrsti \u00e1 \u00cds\u00adlandi. Hann segir turninn merki til heims\u00adbygg\u00f0arinnar um um\u00adbur\u00f0ar\u00adlyndi landsins.<br><\/p>\n\n\n\n<p>\u201eHann er enn \u00ed vinnslu en vi\u00f0 b\u00faumst vi\u00f0 \u00fev\u00ed a\u00f0 hann ver\u00f0i til\u00adb\u00fainn \u00ed lok m\u00e1na\u00f0arins,\u201c segir Ka\u00adrim \u00ed sam\u00adtali vi\u00f0 Fr\u00e9tta\u00adbla\u00f0i\u00f0. \u201e\u00dea\u00f0 ver\u00f0a fal\u00adleg lj\u00f3s \u00e1 honum og svo klukka auk hita\u00adm\u00e6lis.\u201c Ekki ver\u00f0i b\u00fai\u00f0 \u00feannig um hn\u00fatana a\u00f0 b\u00e6na\u00adk\u00f6ll muni berast fr\u00e1 turninum.<br><\/p>\n\n\n\n<p>\u201e\u00dea\u00f0 munu engin hlj\u00f3\u00f0 n\u00e9 raddir heyrast fr\u00e1 \u00feessum turni heldur ver\u00f0a bara \u00e1 honum fal\u00adleg lj\u00f3s sem eiga a\u00f0 l\u00fdsa upp skamm\u00addegi\u00f0,\u201c segir Ka\u00adrim l\u00e9ttur \u00ed brag\u00f0i. \u201e\u00deetta ver\u00f0ur fyrsta m\u00ednarettan \u00ed s\u00f6gu \u00cds\u00adlands og er vir\u00f0ingar\u00advottur vi\u00f0 \u00eds\u00adlenskt sam\u00adf\u00e9\u00adlag, \u00eds\u00adlensk yfir\u00adv\u00f6ld og \u00fea\u00f0 um\u00adbur\u00f0ar\u00adlyndi sem er h\u00e9r og tr\u00fa\u00adfrelsi\u00f0.\u201c<br><\/p>\n\n\n\n<p>\u201e\u00deetta eru skila\u00adbo\u00f0 til heimsins um a\u00f0 h\u00e9r geta allir lifa\u00f0 \u00ed s\u00e1tt og sam\u00adlyndi \u00f3h\u00e1\u00f0 tr\u00fa \u00feeirra e\u00f0a upp\u00adruna og \u00feessi m\u00ednaretta \u00e1 a\u00f0 vera til vitnis um \u00fea\u00f0. \u00deetta er ekki einungis fyrir m\u00fasl\u00edma, heldur til alls heimsins um \u00feessa fal\u00adlegu eyju.\u201c<\/p>\n\n\n\n<figure class=\"wp-block-image\"><img decoding=\"async\" src=\"https:\/\/frettabladid.overcastcdn.com\/images\/295363.min-800x600.jpg\" alt=\"\" \/><\/figure>\n","protected":false},"excerpt":{"rendered":"<p>Ka\u00adrim Askari, stj\u00f3rnar\u00adfor\u00adma\u00f0ur Stofnunar m\u00fasl\u00edma \u00e1 \u00cds\u00adlandi, segir a\u00f0 b\u00e6na\u00adturninn sem n\u00fa s\u00e9 veri\u00f0 a\u00f0 reisa vi\u00f0 mosku f\u00e9\u00adlagsins \u00ed Hl\u00ed\u00f0unum \u00ed Reykja\u00adv\u00edk s\u00e9 s\u00e1 fyrsti \u00e1 \u00cds\u00adlandi. Hann segir turninn merki til heims\u00adbygg\u00f0arinnar um um\u00adbur\u00f0ar\u00adlyndi landsins. \u201eHann er enn \u00ed vinnslu en vi\u00f0 b\u00faumst vi\u00f0 \u00fev\u00ed a\u00f0 hann ver\u00f0i&hellip;<\/p>\n","protected":false},"author":2,"featured_media":1449,"comment_status":"closed","ping_status":"open","sticky":false,"template":"","format":"standard","meta":{"footnotes":""},"categories":[1],"tags":[],"class_list":["post-1448","post","type-post","status-publish","format-standard","has-post-thumbnail","hentry","category-frettir"],"yoast_head":"<!-- This site is optimized with the Yoast SEO plugin v27.5 - https:\/\/yoast.com\/product\/yoast-seo-wordpress\/ -->\n<title>Fyrsti b\u00e6na\u00adturn \u00cds\u00adlands merki til heimsins um um\u00adbur\u00f0ar\u00adlyndi landsins - St\u00f3rmoskan \u00e1 \u00edslands<\/title>\n<meta name=\"robots\" content=\"index, follow, max-snippet:-1, max-image-preview:large, max-video-preview:-1\" \/>\n<link rel=\"canonical\" href=\"https:\/\/grandmosque-iceland.is\/?p=1448\" \/>\n<meta property=\"og:locale\" content=\"is_IS\" \/>\n<meta property=\"og:type\" content=\"article\" \/>\n<meta property=\"og:title\" content=\"Fyrsti b\u00e6na\u00adturn \u00cds\u00adlands merki til heimsins um um\u00adbur\u00f0ar\u00adlyndi landsins - St\u00f3rmoskan \u00e1 \u00edslands\" \/>\n<meta property=\"og:description\" content=\"Ka\u00adrim Askari, stj\u00f3rnar\u00adfor\u00adma\u00f0ur Stofnunar m\u00fasl\u00edma \u00e1 \u00cds\u00adlandi, segir a\u00f0 b\u00e6na\u00adturninn sem n\u00fa s\u00e9 veri\u00f0 a\u00f0 reisa vi\u00f0 mosku f\u00e9\u00adlagsins \u00ed Hl\u00ed\u00f0unum \u00ed Reykja\u00adv\u00edk s\u00e9 s\u00e1 fyrsti \u00e1 \u00cds\u00adlandi. Hann segir turninn merki til heims\u00adbygg\u00f0arinnar um um\u00adbur\u00f0ar\u00adlyndi landsins. \u201eHann er enn \u00ed vinnslu en vi\u00f0 b\u00faumst vi\u00f0 \u00fev\u00ed a\u00f0 hann ver\u00f0i&hellip;\" \/>\n<meta property=\"og:url\" content=\"https:\/\/grandmosque-iceland.is\/?p=1448\" \/>\n<meta property=\"og:site_name\" content=\"St\u00f3rmoskan \u00e1 \u00edslands\" \/>\n<meta property=\"article:published_time\" content=\"2020-09-15T11:44:38+00:00\" \/>\n<meta property=\"article:modified_time\" content=\"2020-09-15T11:44:40+00:00\" \/>\n<meta property=\"og:image\" content=\"http:\/\/grandmosque-iceland.is\/wp-content\/uploads\/2020\/09\/MIDSZ.jpg\" \/>\n\t<meta property=\"og:image:width\" content=\"1000\" \/>\n\t<meta property=\"og:image:height\" content=\"562\" \/>\n\t<meta property=\"og:image:type\" content=\"image\/jpeg\" \/>\n<meta name=\"author\" content=\"karimaskari\" \/>\n<meta name=\"twitter:card\" content=\"summary_large_image\" \/>\n<meta name=\"twitter:label1\" content=\"Written by\" \/>\n\t<meta name=\"twitter:data1\" content=\"karimaskari\" \/>\n\t<meta name=\"twitter:label2\" content=\"Est. reading time\" \/>\n\t<meta name=\"twitter:data2\" content=\"1 minute\" \/>\n<script type=\"application\/ld+json\" class=\"yoast-schema-graph\">{\"@context\":\"https:\\\/\\\/schema.org\",\"@graph\":[{\"@type\":\"Article\",\"@id\":\"https:\\\/\\\/grandmosque-iceland.is\\\/?p=1448#article\",\"isPartOf\":{\"@id\":\"https:\\\/\\\/grandmosque-iceland.is\\\/?p=1448\"},\"author\":{\"name\":\"karimaskari\",\"@id\":\"https:\\\/\\\/grandmosque-iceland.is\\\/#\\\/schema\\\/person\\\/05f3aef51183dc27d604820aa29fdfe5\"},\"headline\":\"Fyrsti b\u00e6na\u00adturn \u00cds\u00adlands merki til heimsins um um\u00adbur\u00f0ar\u00adlyndi landsins\",\"datePublished\":\"2020-09-15T11:44:38+00:00\",\"dateModified\":\"2020-09-15T11:44:40+00:00\",\"mainEntityOfPage\":{\"@id\":\"https:\\\/\\\/grandmosque-iceland.is\\\/?p=1448\"},\"wordCount\":257,\"publisher\":{\"@id\":\"https:\\\/\\\/grandmosque-iceland.is\\\/#organization\"},\"image\":{\"@id\":\"https:\\\/\\\/grandmosque-iceland.is\\\/?p=1448#primaryimage\"},\"thumbnailUrl\":\"https:\\\/\\\/grandmosque-iceland.is\\\/wp-content\\\/uploads\\\/2020\\\/09\\\/MIDSZ.jpg\",\"articleSection\":[\"Fr\u00e9ttir\"],\"inLanguage\":\"is\"},{\"@type\":\"WebPage\",\"@id\":\"https:\\\/\\\/grandmosque-iceland.is\\\/?p=1448\",\"url\":\"https:\\\/\\\/grandmosque-iceland.is\\\/?p=1448\",\"name\":\"Fyrsti b\u00e6na\u00adturn \u00cds\u00adlands merki til heimsins um um\u00adbur\u00f0ar\u00adlyndi landsins - St\u00f3rmoskan \u00e1 \u00edslands\",\"isPartOf\":{\"@id\":\"https:\\\/\\\/grandmosque-iceland.is\\\/#website\"},\"primaryImageOfPage\":{\"@id\":\"https:\\\/\\\/grandmosque-iceland.is\\\/?p=1448#primaryimage\"},\"image\":{\"@id\":\"https:\\\/\\\/grandmosque-iceland.is\\\/?p=1448#primaryimage\"},\"thumbnailUrl\":\"https:\\\/\\\/grandmosque-iceland.is\\\/wp-content\\\/uploads\\\/2020\\\/09\\\/MIDSZ.jpg\",\"datePublished\":\"2020-09-15T11:44:38+00:00\",\"dateModified\":\"2020-09-15T11:44:40+00:00\",\"breadcrumb\":{\"@id\":\"https:\\\/\\\/grandmosque-iceland.is\\\/?p=1448#breadcrumb\"},\"inLanguage\":\"is\",\"potentialAction\":[{\"@type\":\"ReadAction\",\"target\":[\"https:\\\/\\\/grandmosque-iceland.is\\\/?p=1448\"]}]},{\"@type\":\"ImageObject\",\"inLanguage\":\"is\",\"@id\":\"https:\\\/\\\/grandmosque-iceland.is\\\/?p=1448#primaryimage\",\"url\":\"https:\\\/\\\/grandmosque-iceland.is\\\/wp-content\\\/uploads\\\/2020\\\/09\\\/MIDSZ.jpg\",\"contentUrl\":\"https:\\\/\\\/grandmosque-iceland.is\\\/wp-content\\\/uploads\\\/2020\\\/09\\\/MIDSZ.jpg\",\"width\":1000,\"height\":562},{\"@type\":\"BreadcrumbList\",\"@id\":\"https:\\\/\\\/grandmosque-iceland.is\\\/?p=1448#breadcrumb\",\"itemListElement\":[{\"@type\":\"ListItem\",\"position\":1,\"name\":\"Home\",\"item\":\"https:\\\/\\\/grandmosque-iceland.is\\\/\"},{\"@type\":\"ListItem\",\"position\":2,\"name\":\"Fyrsti b\u00e6na\u00adturn \u00cds\u00adlands merki til heimsins um um\u00adbur\u00f0ar\u00adlyndi landsins\"}]},{\"@type\":\"WebSite\",\"@id\":\"https:\\\/\\\/grandmosque-iceland.is\\\/#website\",\"url\":\"https:\\\/\\\/grandmosque-iceland.is\\\/\",\"name\":\"St\u00f3rmoskan \u00e1 \u00edslands\",\"description\":\"\",\"publisher\":{\"@id\":\"https:\\\/\\\/grandmosque-iceland.is\\\/#organization\"},\"potentialAction\":[{\"@type\":\"SearchAction\",\"target\":{\"@type\":\"EntryPoint\",\"urlTemplate\":\"https:\\\/\\\/grandmosque-iceland.is\\\/?s={search_term_string}\"},\"query-input\":{\"@type\":\"PropertyValueSpecification\",\"valueRequired\":true,\"valueName\":\"search_term_string\"}}],\"inLanguage\":\"is\"},{\"@type\":\"Organization\",\"@id\":\"https:\\\/\\\/grandmosque-iceland.is\\\/#organization\",\"name\":\"St\u00f3rmoskan \u00e1 \u00edslands\",\"url\":\"https:\\\/\\\/grandmosque-iceland.is\\\/\",\"logo\":{\"@type\":\"ImageObject\",\"inLanguage\":\"is\",\"@id\":\"https:\\\/\\\/grandmosque-iceland.is\\\/#\\\/schema\\\/logo\\\/image\\\/\",\"url\":\"https:\\\/\\\/grandmosque-iceland.is\\\/wp-content\\\/uploads\\\/2019\\\/12\\\/logo-n-1.png\",\"contentUrl\":\"https:\\\/\\\/grandmosque-iceland.is\\\/wp-content\\\/uploads\\\/2019\\\/12\\\/logo-n-1.png\",\"width\":236,\"height\":85,\"caption\":\"St\u00f3rmoskan \u00e1 \u00edslands\"},\"image\":{\"@id\":\"https:\\\/\\\/grandmosque-iceland.is\\\/#\\\/schema\\\/logo\\\/image\\\/\"}},{\"@type\":\"Person\",\"@id\":\"https:\\\/\\\/grandmosque-iceland.is\\\/#\\\/schema\\\/person\\\/05f3aef51183dc27d604820aa29fdfe5\",\"name\":\"karimaskari\",\"url\":\"https:\\\/\\\/grandmosque-iceland.is\\\/?author=2\"}]}<\/script>\n<!-- \/ Yoast SEO plugin. -->","yoast_head_json":{"title":"Fyrsti b\u00e6na\u00adturn \u00cds\u00adlands merki til heimsins um um\u00adbur\u00f0ar\u00adlyndi landsins - St\u00f3rmoskan \u00e1 \u00edslands","robots":{"index":"index","follow":"follow","max-snippet":"max-snippet:-1","max-image-preview":"max-image-preview:large","max-video-preview":"max-video-preview:-1"},"canonical":"https:\/\/grandmosque-iceland.is\/?p=1448","og_locale":"is_IS","og_type":"article","og_title":"Fyrsti b\u00e6na\u00adturn \u00cds\u00adlands merki til heimsins um um\u00adbur\u00f0ar\u00adlyndi landsins - St\u00f3rmoskan \u00e1 \u00edslands","og_description":"Ka\u00adrim Askari, stj\u00f3rnar\u00adfor\u00adma\u00f0ur Stofnunar m\u00fasl\u00edma \u00e1 \u00cds\u00adlandi, segir a\u00f0 b\u00e6na\u00adturninn sem n\u00fa s\u00e9 veri\u00f0 a\u00f0 reisa vi\u00f0 mosku f\u00e9\u00adlagsins \u00ed Hl\u00ed\u00f0unum \u00ed Reykja\u00adv\u00edk s\u00e9 s\u00e1 fyrsti \u00e1 \u00cds\u00adlandi. Hann segir turninn merki til heims\u00adbygg\u00f0arinnar um um\u00adbur\u00f0ar\u00adlyndi landsins. \u201eHann er enn \u00ed vinnslu en vi\u00f0 b\u00faumst vi\u00f0 \u00fev\u00ed a\u00f0 hann ver\u00f0i&hellip;","og_url":"https:\/\/grandmosque-iceland.is\/?p=1448","og_site_name":"St\u00f3rmoskan \u00e1 \u00edslands","article_published_time":"2020-09-15T11:44:38+00:00","article_modified_time":"2020-09-15T11:44:40+00:00","og_image":[{"width":1000,"height":562,"url":"http:\/\/grandmosque-iceland.is\/wp-content\/uploads\/2020\/09\/MIDSZ.jpg","type":"image\/jpeg"}],"author":"karimaskari","twitter_card":"summary_large_image","twitter_misc":{"Written by":"karimaskari","Est. reading time":"1 minute"},"schema":{"@context":"https:\/\/schema.org","@graph":[{"@type":"Article","@id":"https:\/\/grandmosque-iceland.is\/?p=1448#article","isPartOf":{"@id":"https:\/\/grandmosque-iceland.is\/?p=1448"},"author":{"name":"karimaskari","@id":"https:\/\/grandmosque-iceland.is\/#\/schema\/person\/05f3aef51183dc27d604820aa29fdfe5"},"headline":"Fyrsti b\u00e6na\u00adturn \u00cds\u00adlands merki til heimsins um um\u00adbur\u00f0ar\u00adlyndi landsins","datePublished":"2020-09-15T11:44:38+00:00","dateModified":"2020-09-15T11:44:40+00:00","mainEntityOfPage":{"@id":"https:\/\/grandmosque-iceland.is\/?p=1448"},"wordCount":257,"publisher":{"@id":"https:\/\/grandmosque-iceland.is\/#organization"},"image":{"@id":"https:\/\/grandmosque-iceland.is\/?p=1448#primaryimage"},"thumbnailUrl":"https:\/\/grandmosque-iceland.is\/wp-content\/uploads\/2020\/09\/MIDSZ.jpg","articleSection":["Fr\u00e9ttir"],"inLanguage":"is"},{"@type":"WebPage","@id":"https:\/\/grandmosque-iceland.is\/?p=1448","url":"https:\/\/grandmosque-iceland.is\/?p=1448","name":"Fyrsti b\u00e6na\u00adturn \u00cds\u00adlands merki til heimsins um um\u00adbur\u00f0ar\u00adlyndi landsins - St\u00f3rmoskan \u00e1 \u00edslands","isPartOf":{"@id":"https:\/\/grandmosque-iceland.is\/#website"},"primaryImageOfPage":{"@id":"https:\/\/grandmosque-iceland.is\/?p=1448#primaryimage"},"image":{"@id":"https:\/\/grandmosque-iceland.is\/?p=1448#primaryimage"},"thumbnailUrl":"https:\/\/grandmosque-iceland.is\/wp-content\/uploads\/2020\/09\/MIDSZ.jpg","datePublished":"2020-09-15T11:44:38+00:00","dateModified":"2020-09-15T11:44:40+00:00","breadcrumb":{"@id":"https:\/\/grandmosque-iceland.is\/?p=1448#breadcrumb"},"inLanguage":"is","potentialAction":[{"@type":"ReadAction","target":["https:\/\/grandmosque-iceland.is\/?p=1448"]}]},{"@type":"ImageObject","inLanguage":"is","@id":"https:\/\/grandmosque-iceland.is\/?p=1448#primaryimage","url":"https:\/\/grandmosque-iceland.is\/wp-content\/uploads\/2020\/09\/MIDSZ.jpg","contentUrl":"https:\/\/grandmosque-iceland.is\/wp-content\/uploads\/2020\/09\/MIDSZ.jpg","width":1000,"height":562},{"@type":"BreadcrumbList","@id":"https:\/\/grandmosque-iceland.is\/?p=1448#breadcrumb","itemListElement":[{"@type":"ListItem","position":1,"name":"Home","item":"https:\/\/grandmosque-iceland.is\/"},{"@type":"ListItem","position":2,"name":"Fyrsti b\u00e6na\u00adturn \u00cds\u00adlands merki til heimsins um um\u00adbur\u00f0ar\u00adlyndi landsins"}]},{"@type":"WebSite","@id":"https:\/\/grandmosque-iceland.is\/#website","url":"https:\/\/grandmosque-iceland.is\/","name":"St\u00f3rmoskan \u00e1 \u00edslands","description":"","publisher":{"@id":"https:\/\/grandmosque-iceland.is\/#organization"},"potentialAction":[{"@type":"SearchAction","target":{"@type":"EntryPoint","urlTemplate":"https:\/\/grandmosque-iceland.is\/?s={search_term_string}"},"query-input":{"@type":"PropertyValueSpecification","valueRequired":true,"valueName":"search_term_string"}}],"inLanguage":"is"},{"@type":"Organization","@id":"https:\/\/grandmosque-iceland.is\/#organization","name":"St\u00f3rmoskan \u00e1 \u00edslands","url":"https:\/\/grandmosque-iceland.is\/","logo":{"@type":"ImageObject","inLanguage":"is","@id":"https:\/\/grandmosque-iceland.is\/#\/schema\/logo\/image\/","url":"https:\/\/grandmosque-iceland.is\/wp-content\/uploads\/2019\/12\/logo-n-1.png","contentUrl":"https:\/\/grandmosque-iceland.is\/wp-content\/uploads\/2019\/12\/logo-n-1.png","width":236,"height":85,"caption":"St\u00f3rmoskan \u00e1 \u00edslands"},"image":{"@id":"https:\/\/grandmosque-iceland.is\/#\/schema\/logo\/image\/"}},{"@type":"Person","@id":"https:\/\/grandmosque-iceland.is\/#\/schema\/person\/05f3aef51183dc27d604820aa29fdfe5","name":"karimaskari","url":"https:\/\/grandmosque-iceland.is\/?author=2"}]}},"amp_enabled":true,"_links":{"self":[{"href":"https:\/\/grandmosque-iceland.is\/index.php?rest_route=\/wp\/v2\/posts\/1448","targetHints":{"allow":["GET"]}}],"collection":[{"href":"https:\/\/grandmosque-iceland.is\/index.php?rest_route=\/wp\/v2\/posts"}],"about":[{"href":"https:\/\/grandmosque-iceland.is\/index.php?rest_route=\/wp\/v2\/types\/post"}],"author":[{"embeddable":true,"href":"https:\/\/grandmosque-iceland.is\/index.php?rest_route=\/wp\/v2\/users\/2"}],"replies":[{"embeddable":true,"href":"https:\/\/grandmosque-iceland.is\/index.php?rest_route=%2Fwp%2Fv2%2Fcomments&post=1448"}],"version-history":[{"count":1,"href":"https:\/\/grandmosque-iceland.is\/index.php?rest_route=\/wp\/v2\/posts\/1448\/revisions"}],"predecessor-version":[{"id":1450,"href":"https:\/\/grandmosque-iceland.is\/index.php?rest_route=\/wp\/v2\/posts\/1448\/revisions\/1450"}],"wp:featuredmedia":[{"embeddable":true,"href":"https:\/\/grandmosque-iceland.is\/index.php?rest_route=\/wp\/v2\/media\/1449"}],"wp:attachment":[{"href":"https:\/\/grandmosque-iceland.is\/index.php?rest_route=%2Fwp%2Fv2%2Fmedia&parent=1448"}],"wp:term":[{"taxonomy":"category","embeddable":true,"href":"https:\/\/grandmosque-iceland.is\/index.php?rest_route=%2Fwp%2Fv2%2Fcategories&post=1448"},{"taxonomy":"post_tag","embeddable":true,"href":"https:\/\/grandmosque-iceland.is\/index.php?rest_route=%2Fwp%2Fv2%2Ftags&post=1448"}],"curies":[{"name":"wp","href":"https:\/\/api.w.org\/{rel}","templated":true}]}}