{"id":1445,"date":"2020-09-15T11:40:10","date_gmt":"2020-09-15T11:40:10","guid":{"rendered":"http:\/\/grandmosque-iceland.is\/?p=1445"},"modified":"2020-09-15T11:40:11","modified_gmt":"2020-09-15T11:40:11","slug":"biskup-islands-fundar-med-muslimum-i-moskunni-i-skogarhlid","status":"publish","type":"post","link":"https:\/\/grandmosque-iceland.is\/?p=1445","title":{"rendered":"Biskup \u00cdslands fundar me\u00f0 m\u00faslimum \u00ed moskunni \u00ed Sk\u00f3garhl\u00ed\u00f0"},"content":{"rendered":"\n<p>\n\n\u201e\u00deetta var mj\u00f6g g\u00f3\u00f0ur fundur. Og mj\u00f6g gott fyrir okkur muslima \u00e1 \u00cdslandi a\u00f0 hitta biskupinn. Okkur var hei\u00f0ur s\u00fdndur me\u00f0 heims\u00f3kn hennar. Var mj\u00f6g fallegt af henni,\u201c segir Karim Askari framkv\u00e6mdastj\u00f3ri Stofnunar m\u00faslima \u00e1 \u00cdslandi \u00ed samtali vi\u00f0 V\u00edsi.<\/p>\n\n\n\n<p>Agnes M. Sigur\u00f0ard\u00f3ttir biskup yfir \u00cdslandi f\u00f3r til fundar vi\u00f0 m\u00faslima \u00ed moskunni \u00ed Sk\u00f3garhl\u00ed\u00f0 \u00ed g\u00e6r. \u00dear var\u00a0<a rel=\"noreferrer noopener\" href=\"https:\/\/www.visir.is\/g\/2019190319198\" target=\"_blank\">harmleikurinn \u00ed Christchurch \u00e1 N\u00fdja-Sj\u00e1landi<\/a>\u00a0r\u00e6ddur s\u00e9rstaklega.<\/p>\n\n\n\n<p><\/p>\n\n\n\n<p>\u201eVi\u00f0 erum afar hrygg vegna \u00feess atbur\u00f0ar sem er ekki \u00e1s\u00e6ttanlegur. Vont fyrir mannkyn allt,\u201c segir Karim. \u201e\u00deetta ofbeldi ekki er h\u00e6gt a\u00f0 \u00feola.\u201c <\/p>\n\n\n\n<figure class=\"wp-block-image\"><img decoding=\"async\" src=\"https:\/\/www.visir.is\/i\/CFF6685601C1412BA52D8FC541F4A0351F27D04967010315B580CE7DB99E03B3_713x0.jpg\" alt=\"\" \/><figcaption> Fundurinn var s\u00f6gulegur \u00fev\u00ed \u00feetta er \u00ed fyrsta skipti sem biskup kemur til fundar \u00ed moskunni \u00ed Sk\u00f3garhl\u00ed\u00f0.<\/figcaption><\/figure>\n\n\n\n<p>\n\nAgnes biskup segir, \u00e1 Facebook-s\u00ed\u00f0u Biskupsemb\u00e6ttisins, a\u00f0 harmleikurinn hafi vaki\u00f0 f\u00f3lk til umhugsunar um mikilv\u00e6gi fri\u00f0ar \u00ed samf\u00e9lagi okkar. Og r\u00e6\u00f0a \u00feurfi til hva\u00f0a a\u00f0ger\u00f0a megi gr\u00edpa svo vi\u00f0 megum b\u00faa \u00ed fri\u00f0s\u00f6mum heimi.<\/p>\n\n\n\n<p><\/p>\n\n\n\n<blockquote class=\"wp-block-quote is-layout-flow wp-block-quote-is-layout-flow\"><p><strong>\u201eKristi\u00f0 f\u00f3lk og m\u00faslimar standa saman og s\u00fdna \u00feannig a\u00f0 vi\u00f0 erum \u00e1 m\u00f3ti hvers konar ofbeldi.<\/strong><\/p><\/blockquote>\n\n\n\n<p>\u201eEitt af gildum m\u00faslima sem skr\u00e1\u00f0 eru \u00e1 veggspjald \u00ed moskunni \u00feeirra er a\u00f0 \u00feeir vilji vera g\u00f3\u00f0ir samf\u00e9lags\u00feegnar og lifa \u00ed fri\u00f0i og s\u00e1tt vi\u00f0 samfer\u00f0af\u00f3lk sitt. Kristi\u00f0 f\u00f3lk deilir \u00feessum sama hugsunarh\u00e6tti. Samtali\u00f0 er lykillinn a\u00f0 lausn allra m\u00e1la. Me\u00f0 samtali vex skilningur og samheldni og l\u00f6ngunin til a\u00f0 gera gott samf\u00e9lag betra,\u201c segir Agnes.<\/p>\n\n\n\n<p>Fundurinn er s\u00f6gulegur, a\u00f0 s\u00f6gn Karims, \u00fev\u00ed \u00feetta er \u00ed fyrsta skipti sem biskup \u00cdslands st\u00edgur f\u00e6ti s\u00ednum \u00ed moskuna \u00ed Sk\u00f3garhl\u00ed\u00f0. <\/p>\n\n\n\n<figure class=\"wp-block-image\"><img decoding=\"async\" src=\"https:\/\/www.visir.is\/i\/CE3618044376EC95A91F49A84AB2E0F64BDF40708DAAA4B114E51443102C2C36_713x0.jpg\" alt=\"\" \/><figcaption> M\u00faslimar og kristnir vilja taka h\u00f6ndum saman og ford\u00e6ma \u00feann gj\u00f6rning sem leiddi til harmleiksins \u00ed Christchurch.<br> <\/figcaption><\/figure>\n","protected":false},"excerpt":{"rendered":"<p>\u201e\u00deetta var mj\u00f6g g\u00f3\u00f0ur fundur. Og mj\u00f6g gott fyrir okkur muslima \u00e1 \u00cdslandi a\u00f0 hitta biskupinn. Okkur var hei\u00f0ur s\u00fdndur me\u00f0 heims\u00f3kn hennar. Var mj\u00f6g fallegt af henni,\u201c segir Karim Askari framkv\u00e6mdastj\u00f3ri Stofnunar m\u00faslima \u00e1 \u00cdslandi \u00ed samtali vi\u00f0 V\u00edsi. Agnes M. Sigur\u00f0ard\u00f3ttir biskup yfir \u00cdslandi f\u00f3r til fundar vi\u00f0&hellip;<\/p>\n","protected":false},"author":2,"featured_media":1446,"comment_status":"closed","ping_status":"open","sticky":false,"template":"","format":"standard","meta":{"footnotes":""},"categories":[1],"tags":[],"class_list":["post-1445","post","type-post","status-publish","format-standard","has-post-thumbnail","hentry","category-frettir"],"yoast_head":"<!-- This site is optimized with the Yoast SEO plugin v27.5 - https:\/\/yoast.com\/product\/yoast-seo-wordpress\/ -->\n<title>Biskup \u00cdslands fundar me\u00f0 m\u00faslimum \u00ed moskunni \u00ed Sk\u00f3garhl\u00ed\u00f0 - St\u00f3rmoskan \u00e1 \u00edslands<\/title>\n<meta name=\"robots\" content=\"index, follow, max-snippet:-1, max-image-preview:large, max-video-preview:-1\" \/>\n<link rel=\"canonical\" href=\"https:\/\/grandmosque-iceland.is\/?p=1445\" \/>\n<meta property=\"og:locale\" content=\"is_IS\" \/>\n<meta property=\"og:type\" content=\"article\" \/>\n<meta property=\"og:title\" content=\"Biskup \u00cdslands fundar me\u00f0 m\u00faslimum \u00ed moskunni \u00ed Sk\u00f3garhl\u00ed\u00f0 - St\u00f3rmoskan \u00e1 \u00edslands\" \/>\n<meta property=\"og:description\" content=\"\u201e\u00deetta var mj\u00f6g g\u00f3\u00f0ur fundur. Og mj\u00f6g gott fyrir okkur muslima \u00e1 \u00cdslandi a\u00f0 hitta biskupinn. Okkur var hei\u00f0ur s\u00fdndur me\u00f0 heims\u00f3kn hennar. Var mj\u00f6g fallegt af henni,\u201c segir Karim Askari framkv\u00e6mdastj\u00f3ri Stofnunar m\u00faslima \u00e1 \u00cdslandi \u00ed samtali vi\u00f0 V\u00edsi. Agnes M. Sigur\u00f0ard\u00f3ttir biskup yfir \u00cdslandi f\u00f3r til fundar vi\u00f0&hellip;\" \/>\n<meta property=\"og:url\" content=\"https:\/\/grandmosque-iceland.is\/?p=1445\" \/>\n<meta property=\"og:site_name\" content=\"St\u00f3rmoskan \u00e1 \u00edslands\" \/>\n<meta property=\"article:published_time\" content=\"2020-09-15T11:40:10+00:00\" \/>\n<meta property=\"article:modified_time\" content=\"2020-09-15T11:40:11+00:00\" \/>\n<meta property=\"og:image\" content=\"http:\/\/grandmosque-iceland.is\/wp-content\/uploads\/2020\/09\/MODNS.jpg\" \/>\n\t<meta property=\"og:image:width\" content=\"1000\" \/>\n\t<meta property=\"og:image:height\" content=\"562\" \/>\n\t<meta property=\"og:image:type\" content=\"image\/jpeg\" \/>\n<meta name=\"author\" content=\"karimaskari\" \/>\n<meta name=\"twitter:card\" content=\"summary_large_image\" \/>\n<meta name=\"twitter:label1\" content=\"Written by\" \/>\n\t<meta name=\"twitter:data1\" content=\"karimaskari\" \/>\n\t<meta name=\"twitter:label2\" content=\"Est. reading time\" \/>\n\t<meta name=\"twitter:data2\" content=\"2 minutes\" \/>\n<script type=\"application\/ld+json\" class=\"yoast-schema-graph\">{\"@context\":\"https:\\\/\\\/schema.org\",\"@graph\":[{\"@type\":\"Article\",\"@id\":\"https:\\\/\\\/grandmosque-iceland.is\\\/?p=1445#article\",\"isPartOf\":{\"@id\":\"https:\\\/\\\/grandmosque-iceland.is\\\/?p=1445\"},\"author\":{\"name\":\"karimaskari\",\"@id\":\"https:\\\/\\\/grandmosque-iceland.is\\\/#\\\/schema\\\/person\\\/05f3aef51183dc27d604820aa29fdfe5\"},\"headline\":\"Biskup \u00cdslands fundar me\u00f0 m\u00faslimum \u00ed moskunni \u00ed Sk\u00f3garhl\u00ed\u00f0\",\"datePublished\":\"2020-09-15T11:40:10+00:00\",\"dateModified\":\"2020-09-15T11:40:11+00:00\",\"mainEntityOfPage\":{\"@id\":\"https:\\\/\\\/grandmosque-iceland.is\\\/?p=1445\"},\"wordCount\":309,\"publisher\":{\"@id\":\"https:\\\/\\\/grandmosque-iceland.is\\\/#organization\"},\"image\":{\"@id\":\"https:\\\/\\\/grandmosque-iceland.is\\\/?p=1445#primaryimage\"},\"thumbnailUrl\":\"https:\\\/\\\/grandmosque-iceland.is\\\/wp-content\\\/uploads\\\/2020\\\/09\\\/MODNS.jpg\",\"articleSection\":[\"Fr\u00e9ttir\"],\"inLanguage\":\"is\"},{\"@type\":\"WebPage\",\"@id\":\"https:\\\/\\\/grandmosque-iceland.is\\\/?p=1445\",\"url\":\"https:\\\/\\\/grandmosque-iceland.is\\\/?p=1445\",\"name\":\"Biskup \u00cdslands fundar me\u00f0 m\u00faslimum \u00ed moskunni \u00ed Sk\u00f3garhl\u00ed\u00f0 - St\u00f3rmoskan \u00e1 \u00edslands\",\"isPartOf\":{\"@id\":\"https:\\\/\\\/grandmosque-iceland.is\\\/#website\"},\"primaryImageOfPage\":{\"@id\":\"https:\\\/\\\/grandmosque-iceland.is\\\/?p=1445#primaryimage\"},\"image\":{\"@id\":\"https:\\\/\\\/grandmosque-iceland.is\\\/?p=1445#primaryimage\"},\"thumbnailUrl\":\"https:\\\/\\\/grandmosque-iceland.is\\\/wp-content\\\/uploads\\\/2020\\\/09\\\/MODNS.jpg\",\"datePublished\":\"2020-09-15T11:40:10+00:00\",\"dateModified\":\"2020-09-15T11:40:11+00:00\",\"breadcrumb\":{\"@id\":\"https:\\\/\\\/grandmosque-iceland.is\\\/?p=1445#breadcrumb\"},\"inLanguage\":\"is\",\"potentialAction\":[{\"@type\":\"ReadAction\",\"target\":[\"https:\\\/\\\/grandmosque-iceland.is\\\/?p=1445\"]}]},{\"@type\":\"ImageObject\",\"inLanguage\":\"is\",\"@id\":\"https:\\\/\\\/grandmosque-iceland.is\\\/?p=1445#primaryimage\",\"url\":\"https:\\\/\\\/grandmosque-iceland.is\\\/wp-content\\\/uploads\\\/2020\\\/09\\\/MODNS.jpg\",\"contentUrl\":\"https:\\\/\\\/grandmosque-iceland.is\\\/wp-content\\\/uploads\\\/2020\\\/09\\\/MODNS.jpg\",\"width\":1000,\"height\":562},{\"@type\":\"BreadcrumbList\",\"@id\":\"https:\\\/\\\/grandmosque-iceland.is\\\/?p=1445#breadcrumb\",\"itemListElement\":[{\"@type\":\"ListItem\",\"position\":1,\"name\":\"Home\",\"item\":\"https:\\\/\\\/grandmosque-iceland.is\\\/\"},{\"@type\":\"ListItem\",\"position\":2,\"name\":\"Biskup \u00cdslands fundar me\u00f0 m\u00faslimum \u00ed moskunni \u00ed Sk\u00f3garhl\u00ed\u00f0\"}]},{\"@type\":\"WebSite\",\"@id\":\"https:\\\/\\\/grandmosque-iceland.is\\\/#website\",\"url\":\"https:\\\/\\\/grandmosque-iceland.is\\\/\",\"name\":\"St\u00f3rmoskan \u00e1 \u00edslands\",\"description\":\"\",\"publisher\":{\"@id\":\"https:\\\/\\\/grandmosque-iceland.is\\\/#organization\"},\"potentialAction\":[{\"@type\":\"SearchAction\",\"target\":{\"@type\":\"EntryPoint\",\"urlTemplate\":\"https:\\\/\\\/grandmosque-iceland.is\\\/?s={search_term_string}\"},\"query-input\":{\"@type\":\"PropertyValueSpecification\",\"valueRequired\":true,\"valueName\":\"search_term_string\"}}],\"inLanguage\":\"is\"},{\"@type\":\"Organization\",\"@id\":\"https:\\\/\\\/grandmosque-iceland.is\\\/#organization\",\"name\":\"St\u00f3rmoskan \u00e1 \u00edslands\",\"url\":\"https:\\\/\\\/grandmosque-iceland.is\\\/\",\"logo\":{\"@type\":\"ImageObject\",\"inLanguage\":\"is\",\"@id\":\"https:\\\/\\\/grandmosque-iceland.is\\\/#\\\/schema\\\/logo\\\/image\\\/\",\"url\":\"https:\\\/\\\/grandmosque-iceland.is\\\/wp-content\\\/uploads\\\/2019\\\/12\\\/logo-n-1.png\",\"contentUrl\":\"https:\\\/\\\/grandmosque-iceland.is\\\/wp-content\\\/uploads\\\/2019\\\/12\\\/logo-n-1.png\",\"width\":236,\"height\":85,\"caption\":\"St\u00f3rmoskan \u00e1 \u00edslands\"},\"image\":{\"@id\":\"https:\\\/\\\/grandmosque-iceland.is\\\/#\\\/schema\\\/logo\\\/image\\\/\"}},{\"@type\":\"Person\",\"@id\":\"https:\\\/\\\/grandmosque-iceland.is\\\/#\\\/schema\\\/person\\\/05f3aef51183dc27d604820aa29fdfe5\",\"name\":\"karimaskari\",\"url\":\"https:\\\/\\\/grandmosque-iceland.is\\\/?author=2\"}]}<\/script>\n<!-- \/ Yoast SEO plugin. -->","yoast_head_json":{"title":"Biskup \u00cdslands fundar me\u00f0 m\u00faslimum \u00ed moskunni \u00ed Sk\u00f3garhl\u00ed\u00f0 - St\u00f3rmoskan \u00e1 \u00edslands","robots":{"index":"index","follow":"follow","max-snippet":"max-snippet:-1","max-image-preview":"max-image-preview:large","max-video-preview":"max-video-preview:-1"},"canonical":"https:\/\/grandmosque-iceland.is\/?p=1445","og_locale":"is_IS","og_type":"article","og_title":"Biskup \u00cdslands fundar me\u00f0 m\u00faslimum \u00ed moskunni \u00ed Sk\u00f3garhl\u00ed\u00f0 - St\u00f3rmoskan \u00e1 \u00edslands","og_description":"\u201e\u00deetta var mj\u00f6g g\u00f3\u00f0ur fundur. Og mj\u00f6g gott fyrir okkur muslima \u00e1 \u00cdslandi a\u00f0 hitta biskupinn. Okkur var hei\u00f0ur s\u00fdndur me\u00f0 heims\u00f3kn hennar. Var mj\u00f6g fallegt af henni,\u201c segir Karim Askari framkv\u00e6mdastj\u00f3ri Stofnunar m\u00faslima \u00e1 \u00cdslandi \u00ed samtali vi\u00f0 V\u00edsi. Agnes M. Sigur\u00f0ard\u00f3ttir biskup yfir \u00cdslandi f\u00f3r til fundar vi\u00f0&hellip;","og_url":"https:\/\/grandmosque-iceland.is\/?p=1445","og_site_name":"St\u00f3rmoskan \u00e1 \u00edslands","article_published_time":"2020-09-15T11:40:10+00:00","article_modified_time":"2020-09-15T11:40:11+00:00","og_image":[{"width":1000,"height":562,"url":"http:\/\/grandmosque-iceland.is\/wp-content\/uploads\/2020\/09\/MODNS.jpg","type":"image\/jpeg"}],"author":"karimaskari","twitter_card":"summary_large_image","twitter_misc":{"Written by":"karimaskari","Est. reading time":"2 minutes"},"schema":{"@context":"https:\/\/schema.org","@graph":[{"@type":"Article","@id":"https:\/\/grandmosque-iceland.is\/?p=1445#article","isPartOf":{"@id":"https:\/\/grandmosque-iceland.is\/?p=1445"},"author":{"name":"karimaskari","@id":"https:\/\/grandmosque-iceland.is\/#\/schema\/person\/05f3aef51183dc27d604820aa29fdfe5"},"headline":"Biskup \u00cdslands fundar me\u00f0 m\u00faslimum \u00ed moskunni \u00ed Sk\u00f3garhl\u00ed\u00f0","datePublished":"2020-09-15T11:40:10+00:00","dateModified":"2020-09-15T11:40:11+00:00","mainEntityOfPage":{"@id":"https:\/\/grandmosque-iceland.is\/?p=1445"},"wordCount":309,"publisher":{"@id":"https:\/\/grandmosque-iceland.is\/#organization"},"image":{"@id":"https:\/\/grandmosque-iceland.is\/?p=1445#primaryimage"},"thumbnailUrl":"https:\/\/grandmosque-iceland.is\/wp-content\/uploads\/2020\/09\/MODNS.jpg","articleSection":["Fr\u00e9ttir"],"inLanguage":"is"},{"@type":"WebPage","@id":"https:\/\/grandmosque-iceland.is\/?p=1445","url":"https:\/\/grandmosque-iceland.is\/?p=1445","name":"Biskup \u00cdslands fundar me\u00f0 m\u00faslimum \u00ed moskunni \u00ed Sk\u00f3garhl\u00ed\u00f0 - St\u00f3rmoskan \u00e1 \u00edslands","isPartOf":{"@id":"https:\/\/grandmosque-iceland.is\/#website"},"primaryImageOfPage":{"@id":"https:\/\/grandmosque-iceland.is\/?p=1445#primaryimage"},"image":{"@id":"https:\/\/grandmosque-iceland.is\/?p=1445#primaryimage"},"thumbnailUrl":"https:\/\/grandmosque-iceland.is\/wp-content\/uploads\/2020\/09\/MODNS.jpg","datePublished":"2020-09-15T11:40:10+00:00","dateModified":"2020-09-15T11:40:11+00:00","breadcrumb":{"@id":"https:\/\/grandmosque-iceland.is\/?p=1445#breadcrumb"},"inLanguage":"is","potentialAction":[{"@type":"ReadAction","target":["https:\/\/grandmosque-iceland.is\/?p=1445"]}]},{"@type":"ImageObject","inLanguage":"is","@id":"https:\/\/grandmosque-iceland.is\/?p=1445#primaryimage","url":"https:\/\/grandmosque-iceland.is\/wp-content\/uploads\/2020\/09\/MODNS.jpg","contentUrl":"https:\/\/grandmosque-iceland.is\/wp-content\/uploads\/2020\/09\/MODNS.jpg","width":1000,"height":562},{"@type":"BreadcrumbList","@id":"https:\/\/grandmosque-iceland.is\/?p=1445#breadcrumb","itemListElement":[{"@type":"ListItem","position":1,"name":"Home","item":"https:\/\/grandmosque-iceland.is\/"},{"@type":"ListItem","position":2,"name":"Biskup \u00cdslands fundar me\u00f0 m\u00faslimum \u00ed moskunni \u00ed Sk\u00f3garhl\u00ed\u00f0"}]},{"@type":"WebSite","@id":"https:\/\/grandmosque-iceland.is\/#website","url":"https:\/\/grandmosque-iceland.is\/","name":"St\u00f3rmoskan \u00e1 \u00edslands","description":"","publisher":{"@id":"https:\/\/grandmosque-iceland.is\/#organization"},"potentialAction":[{"@type":"SearchAction","target":{"@type":"EntryPoint","urlTemplate":"https:\/\/grandmosque-iceland.is\/?s={search_term_string}"},"query-input":{"@type":"PropertyValueSpecification","valueRequired":true,"valueName":"search_term_string"}}],"inLanguage":"is"},{"@type":"Organization","@id":"https:\/\/grandmosque-iceland.is\/#organization","name":"St\u00f3rmoskan \u00e1 \u00edslands","url":"https:\/\/grandmosque-iceland.is\/","logo":{"@type":"ImageObject","inLanguage":"is","@id":"https:\/\/grandmosque-iceland.is\/#\/schema\/logo\/image\/","url":"https:\/\/grandmosque-iceland.is\/wp-content\/uploads\/2019\/12\/logo-n-1.png","contentUrl":"https:\/\/grandmosque-iceland.is\/wp-content\/uploads\/2019\/12\/logo-n-1.png","width":236,"height":85,"caption":"St\u00f3rmoskan \u00e1 \u00edslands"},"image":{"@id":"https:\/\/grandmosque-iceland.is\/#\/schema\/logo\/image\/"}},{"@type":"Person","@id":"https:\/\/grandmosque-iceland.is\/#\/schema\/person\/05f3aef51183dc27d604820aa29fdfe5","name":"karimaskari","url":"https:\/\/grandmosque-iceland.is\/?author=2"}]}},"amp_enabled":true,"_links":{"self":[{"href":"https:\/\/grandmosque-iceland.is\/index.php?rest_route=\/wp\/v2\/posts\/1445","targetHints":{"allow":["GET"]}}],"collection":[{"href":"https:\/\/grandmosque-iceland.is\/index.php?rest_route=\/wp\/v2\/posts"}],"about":[{"href":"https:\/\/grandmosque-iceland.is\/index.php?rest_route=\/wp\/v2\/types\/post"}],"author":[{"embeddable":true,"href":"https:\/\/grandmosque-iceland.is\/index.php?rest_route=\/wp\/v2\/users\/2"}],"replies":[{"embeddable":true,"href":"https:\/\/grandmosque-iceland.is\/index.php?rest_route=%2Fwp%2Fv2%2Fcomments&post=1445"}],"version-history":[{"count":1,"href":"https:\/\/grandmosque-iceland.is\/index.php?rest_route=\/wp\/v2\/posts\/1445\/revisions"}],"predecessor-version":[{"id":1447,"href":"https:\/\/grandmosque-iceland.is\/index.php?rest_route=\/wp\/v2\/posts\/1445\/revisions\/1447"}],"wp:featuredmedia":[{"embeddable":true,"href":"https:\/\/grandmosque-iceland.is\/index.php?rest_route=\/wp\/v2\/media\/1446"}],"wp:attachment":[{"href":"https:\/\/grandmosque-iceland.is\/index.php?rest_route=%2Fwp%2Fv2%2Fmedia&parent=1445"}],"wp:term":[{"taxonomy":"category","embeddable":true,"href":"https:\/\/grandmosque-iceland.is\/index.php?rest_route=%2Fwp%2Fv2%2Fcategories&post=1445"},{"taxonomy":"post_tag","embeddable":true,"href":"https:\/\/grandmosque-iceland.is\/index.php?rest_route=%2Fwp%2Fv2%2Ftags&post=1445"}],"curies":[{"name":"wp","href":"https:\/\/api.w.org\/{rel}","templated":true}]}}