{"id":1349,"date":"2020-09-13T14:28:53","date_gmt":"2020-09-13T14:28:53","guid":{"rendered":"http:\/\/grandmosque-iceland.is\/?p=1349"},"modified":"2020-09-13T14:28:54","modified_gmt":"2020-09-13T14:28:54","slug":"reyklaus-ramadan-a-islandi","status":"publish","type":"post","link":"https:\/\/grandmosque-iceland.is\/?p=1349","title":{"rendered":"Reyklaus Ramadan \u00e1 \u00cdslandi"},"content":{"rendered":"\n<p>M\u00faslimar \u00e1 \u00cdslandi og Krabbameinsf\u00e9lag \u00cdslands undirritu\u00f0u \u00ed dag samstarfsyfirl\u00fdsingu um heilsueflingu \u00ed tengslum vi\u00f0 Ramadan, sem n\u00fa stendur yfir.<\/p>\n\n\n\n<p>Stofnun&nbsp;m\u00faslima \u00e1 \u00cdslandi skuldbindur sig \u00ed samkomulaginu til a\u00f0 stu\u00f0la a\u00f0 vitundarvakningu til f\u00e9lagsmanna sinna um a\u00f0 h\u00e6tta a\u00f0 reykja og Krabbameinsf\u00e9lagi\u00f0 b\u00fd\u00f0ur upp \u00e1 r\u00e1\u00f0gj\u00f6f og stu\u00f0ning til \u00feeirra sem \u00e1kve\u00f0a a\u00f0 h\u00e6tta t\u00f3baksnotkun. Auk \u00feess er vakin athygli \u00e1 skimun fyrir krabbameinum \u00ed brj\u00f3stum og legh\u00e1lsi \u00e1 Leitarst\u00f6\u00f0 Krabbameinsf\u00e9lagsins.<\/p>\n\n\n\n<p>\u00cd Ramadanm\u00e1nu\u00f0i fasta m\u00faslimar daglega fr\u00e1 s\u00f3laruppr\u00e1s til s\u00f3lseturs. Auk \u00feess a\u00f0 fasta leggja m\u00faslimar meira \u00e1 sig vi\u00f0 a\u00f0 fylgja kenningum \u00edslam \u00ed m\u00e1nu\u00f0inum og taka afst\u00f6\u00f0u gegn ofbeldi, rei\u00f0i, \u00f6fund, losta og illu umtali. Fastan er \u00fev\u00ed s\u00f6g\u00f0 hreinsa b\u00e6\u00f0i l\u00edkama og huga. \u00cd \u00e1r stendur Ramadan yfir fr\u00e1 16. ma\u00ed og endar fimmtudaginn 14. j\u00fan\u00ed.&nbsp;<\/p>\n\n\n\n<p>\u201eRamadanm\u00e1nu\u00f0ur er kj\u00f6ri\u00f0 t\u00e6kif\u00e6ri fyrir m\u00faslima til a\u00f0 gera breytingar \u00ed \u00e1tt til betri heilsu. En \u00fea\u00f0 getur veri\u00f0 heilmiki\u00f0 \u00e1tak a\u00f0 fara \u00ed gegnum f\u00f6stuna sj\u00e1lfa. \u00deess vegna leggjum vi\u00f0 til a\u00f0 \u00ed Ramadan vinni \u00feeir sem reykja a\u00f0 \u00fev\u00ed a\u00f0 undirb\u00faa \u00fea\u00f0 a\u00f0 h\u00e6tta alveg a\u00f0 f\u00f6stu lokinni,\u201d segir \u00c1sgeir R. Helgason, fr\u00e6\u00f0slufulltr\u00fai Krabbameinsf\u00e9lagsins. \u00c1sgeir vann einnig a\u00f0 sams konar samkomulagi \u00ed Sv\u00ed\u00fej\u00f3\u00f0 fyrir h\u00f6nd Karol\u00ednska sj\u00fakrah\u00fassins.<\/p>\n\n\n\n<p>Undirritun samkomulagsins f\u00f3r fram \u00ed&nbsp;mosku stofnunar m\u00faslima \u00e1 \u00cdslandi vi\u00f0 Sk\u00f3garhl\u00ed\u00f0. \u00c1 myndinni eru fr\u00e1 vinstri Abdel Aziz Khodair, lei\u00f0togi s\u00f6fnu\u00f0arins, \u00c1sgeir R. Helgason, Karim Askari, Bragi Sk\u00falason og Magid Issa.&nbsp;<br><\/p>\n","protected":false},"excerpt":{"rendered":"<p>M\u00faslimar \u00e1 \u00cdslandi og Krabbameinsf\u00e9lag \u00cdslands undirritu\u00f0u \u00ed dag samstarfsyfirl\u00fdsingu um heilsueflingu \u00ed tengslum vi\u00f0 Ramadan, sem n\u00fa stendur yfir. Stofnun&nbsp;m\u00faslima \u00e1 \u00cdslandi skuldbindur sig \u00ed samkomulaginu til a\u00f0 stu\u00f0la a\u00f0 vitundarvakningu til f\u00e9lagsmanna sinna um a\u00f0 h\u00e6tta a\u00f0 reykja og Krabbameinsf\u00e9lagi\u00f0 b\u00fd\u00f0ur upp \u00e1 r\u00e1\u00f0gj\u00f6f og stu\u00f0ning til \u00feeirra&hellip;<\/p>\n","protected":false},"author":2,"featured_media":1350,"comment_status":"closed","ping_status":"open","sticky":false,"template":"","format":"standard","meta":{"footnotes":""},"categories":[1],"tags":[],"class_list":["post-1349","post","type-post","status-publish","format-standard","has-post-thumbnail","hentry","category-frettir"],"yoast_head":"<!-- This site is optimized with the Yoast SEO plugin v27.5 - https:\/\/yoast.com\/product\/yoast-seo-wordpress\/ -->\n<title>Reyklaus Ramadan \u00e1 \u00cdslandi - St\u00f3rmoskan \u00e1 \u00edslands<\/title>\n<meta name=\"robots\" content=\"index, follow, max-snippet:-1, max-image-preview:large, max-video-preview:-1\" \/>\n<link rel=\"canonical\" href=\"https:\/\/grandmosque-iceland.is\/?p=1349\" \/>\n<meta property=\"og:locale\" content=\"is_IS\" \/>\n<meta property=\"og:type\" content=\"article\" \/>\n<meta property=\"og:title\" content=\"Reyklaus Ramadan \u00e1 \u00cdslandi - St\u00f3rmoskan \u00e1 \u00edslands\" \/>\n<meta property=\"og:description\" content=\"M\u00faslimar \u00e1 \u00cdslandi og Krabbameinsf\u00e9lag \u00cdslands undirritu\u00f0u \u00ed dag samstarfsyfirl\u00fdsingu um heilsueflingu \u00ed tengslum vi\u00f0 Ramadan, sem n\u00fa stendur yfir. Stofnun&nbsp;m\u00faslima \u00e1 \u00cdslandi skuldbindur sig \u00ed samkomulaginu til a\u00f0 stu\u00f0la a\u00f0 vitundarvakningu til f\u00e9lagsmanna sinna um a\u00f0 h\u00e6tta a\u00f0 reykja og Krabbameinsf\u00e9lagi\u00f0 b\u00fd\u00f0ur upp \u00e1 r\u00e1\u00f0gj\u00f6f og stu\u00f0ning til \u00feeirra&hellip;\" \/>\n<meta property=\"og:url\" content=\"https:\/\/grandmosque-iceland.is\/?p=1349\" \/>\n<meta property=\"og:site_name\" content=\"St\u00f3rmoskan \u00e1 \u00edslands\" \/>\n<meta property=\"article:published_time\" content=\"2020-09-13T14:28:53+00:00\" \/>\n<meta property=\"article:modified_time\" content=\"2020-09-13T14:28:54+00:00\" \/>\n<meta property=\"og:image\" content=\"https:\/\/grandmosque-iceland.is\/wp-content\/uploads\/2020\/09\/MPS6SHN.jpg\" \/>\n\t<meta property=\"og:image:width\" content=\"1000\" \/>\n\t<meta property=\"og:image:height\" content=\"562\" \/>\n\t<meta property=\"og:image:type\" content=\"image\/jpeg\" \/>\n<meta name=\"author\" content=\"karimaskari\" \/>\n<meta name=\"twitter:card\" content=\"summary_large_image\" \/>\n<meta name=\"twitter:label1\" content=\"Written by\" \/>\n\t<meta name=\"twitter:data1\" content=\"karimaskari\" \/>\n\t<meta name=\"twitter:label2\" content=\"Est. reading time\" \/>\n\t<meta name=\"twitter:data2\" content=\"1 minute\" \/>\n<script type=\"application\/ld+json\" class=\"yoast-schema-graph\">{\"@context\":\"https:\\\/\\\/schema.org\",\"@graph\":[{\"@type\":\"Article\",\"@id\":\"https:\\\/\\\/grandmosque-iceland.is\\\/?p=1349#article\",\"isPartOf\":{\"@id\":\"https:\\\/\\\/grandmosque-iceland.is\\\/?p=1349\"},\"author\":{\"name\":\"karimaskari\",\"@id\":\"https:\\\/\\\/grandmosque-iceland.is\\\/#\\\/schema\\\/person\\\/05f3aef51183dc27d604820aa29fdfe5\"},\"headline\":\"Reyklaus Ramadan \u00e1 \u00cdslandi\",\"datePublished\":\"2020-09-13T14:28:53+00:00\",\"dateModified\":\"2020-09-13T14:28:54+00:00\",\"mainEntityOfPage\":{\"@id\":\"https:\\\/\\\/grandmosque-iceland.is\\\/?p=1349\"},\"wordCount\":276,\"publisher\":{\"@id\":\"https:\\\/\\\/grandmosque-iceland.is\\\/#organization\"},\"image\":{\"@id\":\"https:\\\/\\\/grandmosque-iceland.is\\\/?p=1349#primaryimage\"},\"thumbnailUrl\":\"https:\\\/\\\/grandmosque-iceland.is\\\/wp-content\\\/uploads\\\/2020\\\/09\\\/MPS6SHN.jpg\",\"articleSection\":[\"Fr\u00e9ttir\"],\"inLanguage\":\"is\"},{\"@type\":\"WebPage\",\"@id\":\"https:\\\/\\\/grandmosque-iceland.is\\\/?p=1349\",\"url\":\"https:\\\/\\\/grandmosque-iceland.is\\\/?p=1349\",\"name\":\"Reyklaus Ramadan \u00e1 \u00cdslandi - St\u00f3rmoskan \u00e1 \u00edslands\",\"isPartOf\":{\"@id\":\"https:\\\/\\\/grandmosque-iceland.is\\\/#website\"},\"primaryImageOfPage\":{\"@id\":\"https:\\\/\\\/grandmosque-iceland.is\\\/?p=1349#primaryimage\"},\"image\":{\"@id\":\"https:\\\/\\\/grandmosque-iceland.is\\\/?p=1349#primaryimage\"},\"thumbnailUrl\":\"https:\\\/\\\/grandmosque-iceland.is\\\/wp-content\\\/uploads\\\/2020\\\/09\\\/MPS6SHN.jpg\",\"datePublished\":\"2020-09-13T14:28:53+00:00\",\"dateModified\":\"2020-09-13T14:28:54+00:00\",\"breadcrumb\":{\"@id\":\"https:\\\/\\\/grandmosque-iceland.is\\\/?p=1349#breadcrumb\"},\"inLanguage\":\"is\",\"potentialAction\":[{\"@type\":\"ReadAction\",\"target\":[\"https:\\\/\\\/grandmosque-iceland.is\\\/?p=1349\"]}]},{\"@type\":\"ImageObject\",\"inLanguage\":\"is\",\"@id\":\"https:\\\/\\\/grandmosque-iceland.is\\\/?p=1349#primaryimage\",\"url\":\"https:\\\/\\\/grandmosque-iceland.is\\\/wp-content\\\/uploads\\\/2020\\\/09\\\/MPS6SHN.jpg\",\"contentUrl\":\"https:\\\/\\\/grandmosque-iceland.is\\\/wp-content\\\/uploads\\\/2020\\\/09\\\/MPS6SHN.jpg\",\"width\":1000,\"height\":562},{\"@type\":\"BreadcrumbList\",\"@id\":\"https:\\\/\\\/grandmosque-iceland.is\\\/?p=1349#breadcrumb\",\"itemListElement\":[{\"@type\":\"ListItem\",\"position\":1,\"name\":\"Home\",\"item\":\"https:\\\/\\\/grandmosque-iceland.is\\\/\"},{\"@type\":\"ListItem\",\"position\":2,\"name\":\"Reyklaus Ramadan \u00e1 \u00cdslandi\"}]},{\"@type\":\"WebSite\",\"@id\":\"https:\\\/\\\/grandmosque-iceland.is\\\/#website\",\"url\":\"https:\\\/\\\/grandmosque-iceland.is\\\/\",\"name\":\"St\u00f3rmoskan \u00e1 \u00edslands\",\"description\":\"\",\"publisher\":{\"@id\":\"https:\\\/\\\/grandmosque-iceland.is\\\/#organization\"},\"potentialAction\":[{\"@type\":\"SearchAction\",\"target\":{\"@type\":\"EntryPoint\",\"urlTemplate\":\"https:\\\/\\\/grandmosque-iceland.is\\\/?s={search_term_string}\"},\"query-input\":{\"@type\":\"PropertyValueSpecification\",\"valueRequired\":true,\"valueName\":\"search_term_string\"}}],\"inLanguage\":\"is\"},{\"@type\":\"Organization\",\"@id\":\"https:\\\/\\\/grandmosque-iceland.is\\\/#organization\",\"name\":\"St\u00f3rmoskan \u00e1 \u00edslands\",\"url\":\"https:\\\/\\\/grandmosque-iceland.is\\\/\",\"logo\":{\"@type\":\"ImageObject\",\"inLanguage\":\"is\",\"@id\":\"https:\\\/\\\/grandmosque-iceland.is\\\/#\\\/schema\\\/logo\\\/image\\\/\",\"url\":\"https:\\\/\\\/grandmosque-iceland.is\\\/wp-content\\\/uploads\\\/2019\\\/12\\\/logo-n-1.png\",\"contentUrl\":\"https:\\\/\\\/grandmosque-iceland.is\\\/wp-content\\\/uploads\\\/2019\\\/12\\\/logo-n-1.png\",\"width\":236,\"height\":85,\"caption\":\"St\u00f3rmoskan \u00e1 \u00edslands\"},\"image\":{\"@id\":\"https:\\\/\\\/grandmosque-iceland.is\\\/#\\\/schema\\\/logo\\\/image\\\/\"}},{\"@type\":\"Person\",\"@id\":\"https:\\\/\\\/grandmosque-iceland.is\\\/#\\\/schema\\\/person\\\/05f3aef51183dc27d604820aa29fdfe5\",\"name\":\"karimaskari\",\"url\":\"https:\\\/\\\/grandmosque-iceland.is\\\/?author=2\"}]}<\/script>\n<!-- \/ Yoast SEO plugin. -->","yoast_head_json":{"title":"Reyklaus Ramadan \u00e1 \u00cdslandi - St\u00f3rmoskan \u00e1 \u00edslands","robots":{"index":"index","follow":"follow","max-snippet":"max-snippet:-1","max-image-preview":"max-image-preview:large","max-video-preview":"max-video-preview:-1"},"canonical":"https:\/\/grandmosque-iceland.is\/?p=1349","og_locale":"is_IS","og_type":"article","og_title":"Reyklaus Ramadan \u00e1 \u00cdslandi - St\u00f3rmoskan \u00e1 \u00edslands","og_description":"M\u00faslimar \u00e1 \u00cdslandi og Krabbameinsf\u00e9lag \u00cdslands undirritu\u00f0u \u00ed dag samstarfsyfirl\u00fdsingu um heilsueflingu \u00ed tengslum vi\u00f0 Ramadan, sem n\u00fa stendur yfir. Stofnun&nbsp;m\u00faslima \u00e1 \u00cdslandi skuldbindur sig \u00ed samkomulaginu til a\u00f0 stu\u00f0la a\u00f0 vitundarvakningu til f\u00e9lagsmanna sinna um a\u00f0 h\u00e6tta a\u00f0 reykja og Krabbameinsf\u00e9lagi\u00f0 b\u00fd\u00f0ur upp \u00e1 r\u00e1\u00f0gj\u00f6f og stu\u00f0ning til \u00feeirra&hellip;","og_url":"https:\/\/grandmosque-iceland.is\/?p=1349","og_site_name":"St\u00f3rmoskan \u00e1 \u00edslands","article_published_time":"2020-09-13T14:28:53+00:00","article_modified_time":"2020-09-13T14:28:54+00:00","og_image":[{"width":1000,"height":562,"url":"https:\/\/grandmosque-iceland.is\/wp-content\/uploads\/2020\/09\/MPS6SHN.jpg","type":"image\/jpeg"}],"author":"karimaskari","twitter_card":"summary_large_image","twitter_misc":{"Written by":"karimaskari","Est. reading time":"1 minute"},"schema":{"@context":"https:\/\/schema.org","@graph":[{"@type":"Article","@id":"https:\/\/grandmosque-iceland.is\/?p=1349#article","isPartOf":{"@id":"https:\/\/grandmosque-iceland.is\/?p=1349"},"author":{"name":"karimaskari","@id":"https:\/\/grandmosque-iceland.is\/#\/schema\/person\/05f3aef51183dc27d604820aa29fdfe5"},"headline":"Reyklaus Ramadan \u00e1 \u00cdslandi","datePublished":"2020-09-13T14:28:53+00:00","dateModified":"2020-09-13T14:28:54+00:00","mainEntityOfPage":{"@id":"https:\/\/grandmosque-iceland.is\/?p=1349"},"wordCount":276,"publisher":{"@id":"https:\/\/grandmosque-iceland.is\/#organization"},"image":{"@id":"https:\/\/grandmosque-iceland.is\/?p=1349#primaryimage"},"thumbnailUrl":"https:\/\/grandmosque-iceland.is\/wp-content\/uploads\/2020\/09\/MPS6SHN.jpg","articleSection":["Fr\u00e9ttir"],"inLanguage":"is"},{"@type":"WebPage","@id":"https:\/\/grandmosque-iceland.is\/?p=1349","url":"https:\/\/grandmosque-iceland.is\/?p=1349","name":"Reyklaus Ramadan \u00e1 \u00cdslandi - St\u00f3rmoskan \u00e1 \u00edslands","isPartOf":{"@id":"https:\/\/grandmosque-iceland.is\/#website"},"primaryImageOfPage":{"@id":"https:\/\/grandmosque-iceland.is\/?p=1349#primaryimage"},"image":{"@id":"https:\/\/grandmosque-iceland.is\/?p=1349#primaryimage"},"thumbnailUrl":"https:\/\/grandmosque-iceland.is\/wp-content\/uploads\/2020\/09\/MPS6SHN.jpg","datePublished":"2020-09-13T14:28:53+00:00","dateModified":"2020-09-13T14:28:54+00:00","breadcrumb":{"@id":"https:\/\/grandmosque-iceland.is\/?p=1349#breadcrumb"},"inLanguage":"is","potentialAction":[{"@type":"ReadAction","target":["https:\/\/grandmosque-iceland.is\/?p=1349"]}]},{"@type":"ImageObject","inLanguage":"is","@id":"https:\/\/grandmosque-iceland.is\/?p=1349#primaryimage","url":"https:\/\/grandmosque-iceland.is\/wp-content\/uploads\/2020\/09\/MPS6SHN.jpg","contentUrl":"https:\/\/grandmosque-iceland.is\/wp-content\/uploads\/2020\/09\/MPS6SHN.jpg","width":1000,"height":562},{"@type":"BreadcrumbList","@id":"https:\/\/grandmosque-iceland.is\/?p=1349#breadcrumb","itemListElement":[{"@type":"ListItem","position":1,"name":"Home","item":"https:\/\/grandmosque-iceland.is\/"},{"@type":"ListItem","position":2,"name":"Reyklaus Ramadan \u00e1 \u00cdslandi"}]},{"@type":"WebSite","@id":"https:\/\/grandmosque-iceland.is\/#website","url":"https:\/\/grandmosque-iceland.is\/","name":"St\u00f3rmoskan \u00e1 \u00edslands","description":"","publisher":{"@id":"https:\/\/grandmosque-iceland.is\/#organization"},"potentialAction":[{"@type":"SearchAction","target":{"@type":"EntryPoint","urlTemplate":"https:\/\/grandmosque-iceland.is\/?s={search_term_string}"},"query-input":{"@type":"PropertyValueSpecification","valueRequired":true,"valueName":"search_term_string"}}],"inLanguage":"is"},{"@type":"Organization","@id":"https:\/\/grandmosque-iceland.is\/#organization","name":"St\u00f3rmoskan \u00e1 \u00edslands","url":"https:\/\/grandmosque-iceland.is\/","logo":{"@type":"ImageObject","inLanguage":"is","@id":"https:\/\/grandmosque-iceland.is\/#\/schema\/logo\/image\/","url":"https:\/\/grandmosque-iceland.is\/wp-content\/uploads\/2019\/12\/logo-n-1.png","contentUrl":"https:\/\/grandmosque-iceland.is\/wp-content\/uploads\/2019\/12\/logo-n-1.png","width":236,"height":85,"caption":"St\u00f3rmoskan \u00e1 \u00edslands"},"image":{"@id":"https:\/\/grandmosque-iceland.is\/#\/schema\/logo\/image\/"}},{"@type":"Person","@id":"https:\/\/grandmosque-iceland.is\/#\/schema\/person\/05f3aef51183dc27d604820aa29fdfe5","name":"karimaskari","url":"https:\/\/grandmosque-iceland.is\/?author=2"}]}},"amp_enabled":true,"_links":{"self":[{"href":"https:\/\/grandmosque-iceland.is\/index.php?rest_route=\/wp\/v2\/posts\/1349","targetHints":{"allow":["GET"]}}],"collection":[{"href":"https:\/\/grandmosque-iceland.is\/index.php?rest_route=\/wp\/v2\/posts"}],"about":[{"href":"https:\/\/grandmosque-iceland.is\/index.php?rest_route=\/wp\/v2\/types\/post"}],"author":[{"embeddable":true,"href":"https:\/\/grandmosque-iceland.is\/index.php?rest_route=\/wp\/v2\/users\/2"}],"replies":[{"embeddable":true,"href":"https:\/\/grandmosque-iceland.is\/index.php?rest_route=%2Fwp%2Fv2%2Fcomments&post=1349"}],"version-history":[{"count":1,"href":"https:\/\/grandmosque-iceland.is\/index.php?rest_route=\/wp\/v2\/posts\/1349\/revisions"}],"predecessor-version":[{"id":1351,"href":"https:\/\/grandmosque-iceland.is\/index.php?rest_route=\/wp\/v2\/posts\/1349\/revisions\/1351"}],"wp:featuredmedia":[{"embeddable":true,"href":"https:\/\/grandmosque-iceland.is\/index.php?rest_route=\/wp\/v2\/media\/1350"}],"wp:attachment":[{"href":"https:\/\/grandmosque-iceland.is\/index.php?rest_route=%2Fwp%2Fv2%2Fmedia&parent=1349"}],"wp:term":[{"taxonomy":"category","embeddable":true,"href":"https:\/\/grandmosque-iceland.is\/index.php?rest_route=%2Fwp%2Fv2%2Fcategories&post=1349"},{"taxonomy":"post_tag","embeddable":true,"href":"https:\/\/grandmosque-iceland.is\/index.php?rest_route=%2Fwp%2Fv2%2Ftags&post=1349"}],"curies":[{"name":"wp","href":"https:\/\/api.w.org\/{rel}","templated":true}]}}