{"id":1346,"date":"2020-09-13T14:23:02","date_gmt":"2020-09-13T14:23:02","guid":{"rendered":"http:\/\/grandmosque-iceland.is\/?p=1346"},"modified":"2020-09-13T14:23:04","modified_gmt":"2020-09-13T14:23:04","slug":"trumal-74-landsmanna-kristnir","status":"publish","type":"post","link":"https:\/\/grandmosque-iceland.is\/?p=1346","title":{"rendered":"TR\u00daM\u00c1L: 74% LANDSMANNA KRISTNIR"},"content":{"rendered":"\n<p>\u00cd n\u00fdju fr\u00e9ttabr\u00e9fi \u00dej\u00f3\u00f0skr\u00e1r \u00cdslands kemur fram a\u00f0 74% landsmanna voru \u00feann 1. ma\u00ed skr\u00e1\u00f0ir \u00ed kristna s\u00f6fnu\u00f0i. Utan tr\u00faf\u00e9laga voru 26.525 og 53.973 voru me\u00f0 \u00f3tilgreinda skr\u00e1ningu. Alls eru \u00fea\u00f0 22% landsmanna sem falla undir ofangreindar tv\u00e6r skr\u00e1ningar.<\/p>\n\n\n\n<p>\u00dej\u00f3\u00f0kirkjan er langfj\u00f6lmennust me\u00f0 230.741 manns innan sinna ra\u00f0a. Ka\u00fe\u00f3lska kirkjan er n\u00e6stfj\u00f6lmennust me\u00f0 14.653 me\u00f0limi. Fr\u00edkirkjurnar \u00ed Reykjav\u00edk og Hafnarfir\u00f0i koma n\u00e6star.<\/p>\n\n\n\n<p>Samtals eru 272.003 skr\u00e1\u00f0ir \u00ed kristin tr\u00faf\u00e9l\u00f6g sem eru um 74% landsmanna. \u00dear af eru 230.741 \u00ed \u00dej\u00f3\u00f0kirkjunni, sem gerir 63% af landsm\u00f6nnum. \u00c1satr\u00faarf\u00e9lagi\u00f0 me\u00f0 4.870 eru fj\u00f6lmennasta tr\u00faf\u00e9lagi\u00f0 sem ekki er kristi\u00f0 og \u00ed Si\u00f0mennt eru 3.660 manns.<\/p>\n\n\n\n<p>Ni\u00f0ursta\u00f0an er a\u00f0 n\u00e6rri 80% eru skr\u00e1\u00f0ir \u00ed tilgreind tr\u00faf\u00e9l\u00f6g og a\u00f0 \u00dej\u00f3\u00f0kirkjan ber h\u00f6fu\u00f0 og her\u00f0ar yfir \u00f6nnur tr\u00faf\u00e9l\u00f6g. Utan tr\u00faf\u00e9laga eru um 7%.<\/p>\n\n\n\n<figure class=\"wp-block-table\"><table class=\"\"><tbody><tr><td>\u00dej\u00f3\u00f0kirkjan<\/td><td><\/td><td><\/td><td>230.741<\/td><\/tr><tr><td>Ka\u00fe\u00f3lska kirkjan<\/td><td><\/td><td><\/td><td>&nbsp; 14.653<\/td><\/tr><tr><td>Fr\u00edkirkjan \u00ed Reykjav\u00edk<\/td><td><\/td><td><\/td><td>&nbsp; 10.005<\/td><\/tr><tr><td>Fr\u00edkirkjan \u00ed Hafnarfir\u00f0i<\/td><td><\/td><td><\/td><td>&nbsp; &nbsp; 7.266<\/td><\/tr><tr><td>\u00c1satr\u00faarf\u00e9lagi\u00f0<\/td><td><\/td><td><\/td><td>&nbsp; &nbsp; 4.870<\/td><\/tr><tr><td>Si\u00f0mennt<\/td><td><\/td><td><\/td><td>&nbsp; &nbsp; 3.660<\/td><\/tr><tr><td>\u00d3h\u00e1\u00f0i s\u00f6fnu\u00f0urinn<\/td><td><\/td><td><\/td><td>&nbsp; &nbsp; 3.236<\/td><\/tr><tr><td>Hv\u00edtasunnukirkjan \u00e1 \u00cdslandi<\/td><td><\/td><td><\/td><td>&nbsp; &nbsp; 2.096<\/td><\/tr><tr><td>Zuism<\/td><td><\/td><td><\/td><td>&nbsp; &nbsp; 1.131<\/td><\/tr><tr><td>B\u00faddistaf\u00e9lag \u00cdslands<\/td><td><\/td><td><\/td><td>&nbsp; &nbsp; 1.114<\/td><\/tr><tr><td>R\u00fassneska r\u00e9tttr\u00fana\u00f0arkirkjan<\/td><td><\/td><td><\/td><td>&nbsp; &nbsp; &nbsp; &nbsp;747<\/td><\/tr><tr><td>Kirkja sj\u00f6unda dags a\u00f0ventista \u00e1 \u00cdsland<\/td><td><\/td><td><\/td><td>&nbsp; &nbsp; &nbsp; 623<\/td><\/tr><tr><td>F\u00e9lag m\u00faslima \u00e1 \u00cdslandi<\/td><td><\/td><td><\/td><td>&nbsp; &nbsp; &nbsp; 622<\/td><\/tr><tr><td>Vottar Jeh\u00f3va<\/td><td><\/td><td><\/td><td>&nbsp; &nbsp; &nbsp; 611<\/td><\/tr><tr><td>Fr\u00edkirkjan Vegurinn<\/td><td><\/td><td><\/td><td>&nbsp; &nbsp; &nbsp; 486<\/td><\/tr><tr><td>Sm\u00e1rakirkja<\/td><td><\/td><td><\/td><td>&nbsp; &nbsp; &nbsp; 421<\/td><\/tr><tr><td>Serbneska r\u00e9tttr\u00fana\u00f0arkirkjan<\/td><td><\/td><td><\/td><td>&nbsp; &nbsp; &nbsp; 378<\/td><\/tr><tr><td>Menningarsetur m\u00faslima \u00e1 \u00cdslandi<\/td><td><\/td><td><\/td><td>&nbsp; &nbsp; &nbsp; 377<\/td><\/tr><tr><td>Bah\u00e1\u2019\u00ed samf\u00e9lag<\/td><td><\/td><td><\/td><td>&nbsp; &nbsp; &nbsp; 352<\/td><\/tr><tr><td>Stofnun M\u00faslima \u00e1 \u00cdslandi<\/td><td><\/td><td><\/td><td>&nbsp; &nbsp; &nbsp; 317<\/td><\/tr><\/tbody><\/table><\/figure>\n","protected":false},"excerpt":{"rendered":"<p>\u00cd n\u00fdju fr\u00e9ttabr\u00e9fi \u00dej\u00f3\u00f0skr\u00e1r \u00cdslands kemur fram a\u00f0 74% landsmanna voru \u00feann 1. ma\u00ed skr\u00e1\u00f0ir \u00ed kristna s\u00f6fnu\u00f0i. Utan tr\u00faf\u00e9laga voru 26.525 og 53.973 voru me\u00f0 \u00f3tilgreinda skr\u00e1ningu. Alls eru \u00fea\u00f0 22% landsmanna sem falla undir ofangreindar tv\u00e6r skr\u00e1ningar. \u00dej\u00f3\u00f0kirkjan er langfj\u00f6lmennust me\u00f0 230.741 manns innan sinna ra\u00f0a. Ka\u00fe\u00f3lska kirkjan&hellip;<\/p>\n","protected":false},"author":2,"featured_media":1347,"comment_status":"closed","ping_status":"open","sticky":false,"template":"","format":"standard","meta":{"footnotes":""},"categories":[1],"tags":[],"class_list":["post-1346","post","type-post","status-publish","format-standard","has-post-thumbnail","hentry","category-frettir"],"yoast_head":"<!-- This site is optimized with the Yoast SEO plugin v27.5 - https:\/\/yoast.com\/product\/yoast-seo-wordpress\/ -->\n<title>TR\u00daM\u00c1L: 74% LANDSMANNA KRISTNIR - St\u00f3rmoskan \u00e1 \u00edslands<\/title>\n<meta name=\"robots\" content=\"index, follow, max-snippet:-1, max-image-preview:large, max-video-preview:-1\" \/>\n<link rel=\"canonical\" href=\"https:\/\/grandmosque-iceland.is\/?p=1346\" \/>\n<meta property=\"og:locale\" content=\"is_IS\" \/>\n<meta property=\"og:type\" content=\"article\" \/>\n<meta property=\"og:title\" content=\"TR\u00daM\u00c1L: 74% LANDSMANNA KRISTNIR - St\u00f3rmoskan \u00e1 \u00edslands\" \/>\n<meta property=\"og:description\" content=\"\u00cd n\u00fdju fr\u00e9ttabr\u00e9fi \u00dej\u00f3\u00f0skr\u00e1r \u00cdslands kemur fram a\u00f0 74% landsmanna voru \u00feann 1. ma\u00ed skr\u00e1\u00f0ir \u00ed kristna s\u00f6fnu\u00f0i. Utan tr\u00faf\u00e9laga voru 26.525 og 53.973 voru me\u00f0 \u00f3tilgreinda skr\u00e1ningu. Alls eru \u00fea\u00f0 22% landsmanna sem falla undir ofangreindar tv\u00e6r skr\u00e1ningar. \u00dej\u00f3\u00f0kirkjan er langfj\u00f6lmennust me\u00f0 230.741 manns innan sinna ra\u00f0a. Ka\u00fe\u00f3lska kirkjan&hellip;\" \/>\n<meta property=\"og:url\" content=\"https:\/\/grandmosque-iceland.is\/?p=1346\" \/>\n<meta property=\"og:site_name\" content=\"St\u00f3rmoskan \u00e1 \u00edslands\" \/>\n<meta property=\"article:published_time\" content=\"2020-09-13T14:23:02+00:00\" \/>\n<meta property=\"article:modified_time\" content=\"2020-09-13T14:23:04+00:00\" \/>\n<meta property=\"og:image\" content=\"https:\/\/grandmosque-iceland.is\/wp-content\/uploads\/2020\/09\/MR555.jpg\" \/>\n\t<meta property=\"og:image:width\" content=\"1000\" \/>\n\t<meta property=\"og:image:height\" content=\"562\" \/>\n\t<meta property=\"og:image:type\" content=\"image\/jpeg\" \/>\n<meta name=\"author\" content=\"karimaskari\" \/>\n<meta name=\"twitter:card\" content=\"summary_large_image\" \/>\n<meta name=\"twitter:label1\" content=\"Written by\" \/>\n\t<meta name=\"twitter:data1\" content=\"karimaskari\" \/>\n\t<meta name=\"twitter:label2\" content=\"Est. reading time\" \/>\n\t<meta name=\"twitter:data2\" content=\"1 minute\" \/>\n<script type=\"application\/ld+json\" class=\"yoast-schema-graph\">{\"@context\":\"https:\\\/\\\/schema.org\",\"@graph\":[{\"@type\":\"Article\",\"@id\":\"https:\\\/\\\/grandmosque-iceland.is\\\/?p=1346#article\",\"isPartOf\":{\"@id\":\"https:\\\/\\\/grandmosque-iceland.is\\\/?p=1346\"},\"author\":{\"name\":\"karimaskari\",\"@id\":\"https:\\\/\\\/grandmosque-iceland.is\\\/#\\\/schema\\\/person\\\/05f3aef51183dc27d604820aa29fdfe5\"},\"headline\":\"TR\u00daM\u00c1L: 74% LANDSMANNA KRISTNIR\",\"datePublished\":\"2020-09-13T14:23:02+00:00\",\"dateModified\":\"2020-09-13T14:23:04+00:00\",\"mainEntityOfPage\":{\"@id\":\"https:\\\/\\\/grandmosque-iceland.is\\\/?p=1346\"},\"wordCount\":280,\"publisher\":{\"@id\":\"https:\\\/\\\/grandmosque-iceland.is\\\/#organization\"},\"image\":{\"@id\":\"https:\\\/\\\/grandmosque-iceland.is\\\/?p=1346#primaryimage\"},\"thumbnailUrl\":\"https:\\\/\\\/grandmosque-iceland.is\\\/wp-content\\\/uploads\\\/2020\\\/09\\\/MR555.jpg\",\"articleSection\":[\"Fr\u00e9ttir\"],\"inLanguage\":\"is\"},{\"@type\":\"WebPage\",\"@id\":\"https:\\\/\\\/grandmosque-iceland.is\\\/?p=1346\",\"url\":\"https:\\\/\\\/grandmosque-iceland.is\\\/?p=1346\",\"name\":\"TR\u00daM\u00c1L: 74% LANDSMANNA KRISTNIR - St\u00f3rmoskan \u00e1 \u00edslands\",\"isPartOf\":{\"@id\":\"https:\\\/\\\/grandmosque-iceland.is\\\/#website\"},\"primaryImageOfPage\":{\"@id\":\"https:\\\/\\\/grandmosque-iceland.is\\\/?p=1346#primaryimage\"},\"image\":{\"@id\":\"https:\\\/\\\/grandmosque-iceland.is\\\/?p=1346#primaryimage\"},\"thumbnailUrl\":\"https:\\\/\\\/grandmosque-iceland.is\\\/wp-content\\\/uploads\\\/2020\\\/09\\\/MR555.jpg\",\"datePublished\":\"2020-09-13T14:23:02+00:00\",\"dateModified\":\"2020-09-13T14:23:04+00:00\",\"breadcrumb\":{\"@id\":\"https:\\\/\\\/grandmosque-iceland.is\\\/?p=1346#breadcrumb\"},\"inLanguage\":\"is\",\"potentialAction\":[{\"@type\":\"ReadAction\",\"target\":[\"https:\\\/\\\/grandmosque-iceland.is\\\/?p=1346\"]}]},{\"@type\":\"ImageObject\",\"inLanguage\":\"is\",\"@id\":\"https:\\\/\\\/grandmosque-iceland.is\\\/?p=1346#primaryimage\",\"url\":\"https:\\\/\\\/grandmosque-iceland.is\\\/wp-content\\\/uploads\\\/2020\\\/09\\\/MR555.jpg\",\"contentUrl\":\"https:\\\/\\\/grandmosque-iceland.is\\\/wp-content\\\/uploads\\\/2020\\\/09\\\/MR555.jpg\",\"width\":1000,\"height\":562},{\"@type\":\"BreadcrumbList\",\"@id\":\"https:\\\/\\\/grandmosque-iceland.is\\\/?p=1346#breadcrumb\",\"itemListElement\":[{\"@type\":\"ListItem\",\"position\":1,\"name\":\"Home\",\"item\":\"https:\\\/\\\/grandmosque-iceland.is\\\/\"},{\"@type\":\"ListItem\",\"position\":2,\"name\":\"TR\u00daM\u00c1L: 74% LANDSMANNA KRISTNIR\"}]},{\"@type\":\"WebSite\",\"@id\":\"https:\\\/\\\/grandmosque-iceland.is\\\/#website\",\"url\":\"https:\\\/\\\/grandmosque-iceland.is\\\/\",\"name\":\"St\u00f3rmoskan \u00e1 \u00edslands\",\"description\":\"\",\"publisher\":{\"@id\":\"https:\\\/\\\/grandmosque-iceland.is\\\/#organization\"},\"potentialAction\":[{\"@type\":\"SearchAction\",\"target\":{\"@type\":\"EntryPoint\",\"urlTemplate\":\"https:\\\/\\\/grandmosque-iceland.is\\\/?s={search_term_string}\"},\"query-input\":{\"@type\":\"PropertyValueSpecification\",\"valueRequired\":true,\"valueName\":\"search_term_string\"}}],\"inLanguage\":\"is\"},{\"@type\":\"Organization\",\"@id\":\"https:\\\/\\\/grandmosque-iceland.is\\\/#organization\",\"name\":\"St\u00f3rmoskan \u00e1 \u00edslands\",\"url\":\"https:\\\/\\\/grandmosque-iceland.is\\\/\",\"logo\":{\"@type\":\"ImageObject\",\"inLanguage\":\"is\",\"@id\":\"https:\\\/\\\/grandmosque-iceland.is\\\/#\\\/schema\\\/logo\\\/image\\\/\",\"url\":\"https:\\\/\\\/grandmosque-iceland.is\\\/wp-content\\\/uploads\\\/2019\\\/12\\\/logo-n-1.png\",\"contentUrl\":\"https:\\\/\\\/grandmosque-iceland.is\\\/wp-content\\\/uploads\\\/2019\\\/12\\\/logo-n-1.png\",\"width\":236,\"height\":85,\"caption\":\"St\u00f3rmoskan \u00e1 \u00edslands\"},\"image\":{\"@id\":\"https:\\\/\\\/grandmosque-iceland.is\\\/#\\\/schema\\\/logo\\\/image\\\/\"}},{\"@type\":\"Person\",\"@id\":\"https:\\\/\\\/grandmosque-iceland.is\\\/#\\\/schema\\\/person\\\/05f3aef51183dc27d604820aa29fdfe5\",\"name\":\"karimaskari\",\"url\":\"https:\\\/\\\/grandmosque-iceland.is\\\/?author=2\"}]}<\/script>\n<!-- \/ Yoast SEO plugin. -->","yoast_head_json":{"title":"TR\u00daM\u00c1L: 74% LANDSMANNA KRISTNIR - St\u00f3rmoskan \u00e1 \u00edslands","robots":{"index":"index","follow":"follow","max-snippet":"max-snippet:-1","max-image-preview":"max-image-preview:large","max-video-preview":"max-video-preview:-1"},"canonical":"https:\/\/grandmosque-iceland.is\/?p=1346","og_locale":"is_IS","og_type":"article","og_title":"TR\u00daM\u00c1L: 74% LANDSMANNA KRISTNIR - St\u00f3rmoskan \u00e1 \u00edslands","og_description":"\u00cd n\u00fdju fr\u00e9ttabr\u00e9fi \u00dej\u00f3\u00f0skr\u00e1r \u00cdslands kemur fram a\u00f0 74% landsmanna voru \u00feann 1. ma\u00ed skr\u00e1\u00f0ir \u00ed kristna s\u00f6fnu\u00f0i. Utan tr\u00faf\u00e9laga voru 26.525 og 53.973 voru me\u00f0 \u00f3tilgreinda skr\u00e1ningu. Alls eru \u00fea\u00f0 22% landsmanna sem falla undir ofangreindar tv\u00e6r skr\u00e1ningar. \u00dej\u00f3\u00f0kirkjan er langfj\u00f6lmennust me\u00f0 230.741 manns innan sinna ra\u00f0a. Ka\u00fe\u00f3lska kirkjan&hellip;","og_url":"https:\/\/grandmosque-iceland.is\/?p=1346","og_site_name":"St\u00f3rmoskan \u00e1 \u00edslands","article_published_time":"2020-09-13T14:23:02+00:00","article_modified_time":"2020-09-13T14:23:04+00:00","og_image":[{"width":1000,"height":562,"url":"https:\/\/grandmosque-iceland.is\/wp-content\/uploads\/2020\/09\/MR555.jpg","type":"image\/jpeg"}],"author":"karimaskari","twitter_card":"summary_large_image","twitter_misc":{"Written by":"karimaskari","Est. reading time":"1 minute"},"schema":{"@context":"https:\/\/schema.org","@graph":[{"@type":"Article","@id":"https:\/\/grandmosque-iceland.is\/?p=1346#article","isPartOf":{"@id":"https:\/\/grandmosque-iceland.is\/?p=1346"},"author":{"name":"karimaskari","@id":"https:\/\/grandmosque-iceland.is\/#\/schema\/person\/05f3aef51183dc27d604820aa29fdfe5"},"headline":"TR\u00daM\u00c1L: 74% LANDSMANNA KRISTNIR","datePublished":"2020-09-13T14:23:02+00:00","dateModified":"2020-09-13T14:23:04+00:00","mainEntityOfPage":{"@id":"https:\/\/grandmosque-iceland.is\/?p=1346"},"wordCount":280,"publisher":{"@id":"https:\/\/grandmosque-iceland.is\/#organization"},"image":{"@id":"https:\/\/grandmosque-iceland.is\/?p=1346#primaryimage"},"thumbnailUrl":"https:\/\/grandmosque-iceland.is\/wp-content\/uploads\/2020\/09\/MR555.jpg","articleSection":["Fr\u00e9ttir"],"inLanguage":"is"},{"@type":"WebPage","@id":"https:\/\/grandmosque-iceland.is\/?p=1346","url":"https:\/\/grandmosque-iceland.is\/?p=1346","name":"TR\u00daM\u00c1L: 74% LANDSMANNA KRISTNIR - St\u00f3rmoskan \u00e1 \u00edslands","isPartOf":{"@id":"https:\/\/grandmosque-iceland.is\/#website"},"primaryImageOfPage":{"@id":"https:\/\/grandmosque-iceland.is\/?p=1346#primaryimage"},"image":{"@id":"https:\/\/grandmosque-iceland.is\/?p=1346#primaryimage"},"thumbnailUrl":"https:\/\/grandmosque-iceland.is\/wp-content\/uploads\/2020\/09\/MR555.jpg","datePublished":"2020-09-13T14:23:02+00:00","dateModified":"2020-09-13T14:23:04+00:00","breadcrumb":{"@id":"https:\/\/grandmosque-iceland.is\/?p=1346#breadcrumb"},"inLanguage":"is","potentialAction":[{"@type":"ReadAction","target":["https:\/\/grandmosque-iceland.is\/?p=1346"]}]},{"@type":"ImageObject","inLanguage":"is","@id":"https:\/\/grandmosque-iceland.is\/?p=1346#primaryimage","url":"https:\/\/grandmosque-iceland.is\/wp-content\/uploads\/2020\/09\/MR555.jpg","contentUrl":"https:\/\/grandmosque-iceland.is\/wp-content\/uploads\/2020\/09\/MR555.jpg","width":1000,"height":562},{"@type":"BreadcrumbList","@id":"https:\/\/grandmosque-iceland.is\/?p=1346#breadcrumb","itemListElement":[{"@type":"ListItem","position":1,"name":"Home","item":"https:\/\/grandmosque-iceland.is\/"},{"@type":"ListItem","position":2,"name":"TR\u00daM\u00c1L: 74% LANDSMANNA KRISTNIR"}]},{"@type":"WebSite","@id":"https:\/\/grandmosque-iceland.is\/#website","url":"https:\/\/grandmosque-iceland.is\/","name":"St\u00f3rmoskan \u00e1 \u00edslands","description":"","publisher":{"@id":"https:\/\/grandmosque-iceland.is\/#organization"},"potentialAction":[{"@type":"SearchAction","target":{"@type":"EntryPoint","urlTemplate":"https:\/\/grandmosque-iceland.is\/?s={search_term_string}"},"query-input":{"@type":"PropertyValueSpecification","valueRequired":true,"valueName":"search_term_string"}}],"inLanguage":"is"},{"@type":"Organization","@id":"https:\/\/grandmosque-iceland.is\/#organization","name":"St\u00f3rmoskan \u00e1 \u00edslands","url":"https:\/\/grandmosque-iceland.is\/","logo":{"@type":"ImageObject","inLanguage":"is","@id":"https:\/\/grandmosque-iceland.is\/#\/schema\/logo\/image\/","url":"https:\/\/grandmosque-iceland.is\/wp-content\/uploads\/2019\/12\/logo-n-1.png","contentUrl":"https:\/\/grandmosque-iceland.is\/wp-content\/uploads\/2019\/12\/logo-n-1.png","width":236,"height":85,"caption":"St\u00f3rmoskan \u00e1 \u00edslands"},"image":{"@id":"https:\/\/grandmosque-iceland.is\/#\/schema\/logo\/image\/"}},{"@type":"Person","@id":"https:\/\/grandmosque-iceland.is\/#\/schema\/person\/05f3aef51183dc27d604820aa29fdfe5","name":"karimaskari","url":"https:\/\/grandmosque-iceland.is\/?author=2"}]}},"amp_enabled":true,"_links":{"self":[{"href":"https:\/\/grandmosque-iceland.is\/index.php?rest_route=\/wp\/v2\/posts\/1346","targetHints":{"allow":["GET"]}}],"collection":[{"href":"https:\/\/grandmosque-iceland.is\/index.php?rest_route=\/wp\/v2\/posts"}],"about":[{"href":"https:\/\/grandmosque-iceland.is\/index.php?rest_route=\/wp\/v2\/types\/post"}],"author":[{"embeddable":true,"href":"https:\/\/grandmosque-iceland.is\/index.php?rest_route=\/wp\/v2\/users\/2"}],"replies":[{"embeddable":true,"href":"https:\/\/grandmosque-iceland.is\/index.php?rest_route=%2Fwp%2Fv2%2Fcomments&post=1346"}],"version-history":[{"count":1,"href":"https:\/\/grandmosque-iceland.is\/index.php?rest_route=\/wp\/v2\/posts\/1346\/revisions"}],"predecessor-version":[{"id":1348,"href":"https:\/\/grandmosque-iceland.is\/index.php?rest_route=\/wp\/v2\/posts\/1346\/revisions\/1348"}],"wp:featuredmedia":[{"embeddable":true,"href":"https:\/\/grandmosque-iceland.is\/index.php?rest_route=\/wp\/v2\/media\/1347"}],"wp:attachment":[{"href":"https:\/\/grandmosque-iceland.is\/index.php?rest_route=%2Fwp%2Fv2%2Fmedia&parent=1346"}],"wp:term":[{"taxonomy":"category","embeddable":true,"href":"https:\/\/grandmosque-iceland.is\/index.php?rest_route=%2Fwp%2Fv2%2Fcategories&post=1346"},{"taxonomy":"post_tag","embeddable":true,"href":"https:\/\/grandmosque-iceland.is\/index.php?rest_route=%2Fwp%2Fv2%2Ftags&post=1346"}],"curies":[{"name":"wp","href":"https:\/\/api.w.org\/{rel}","templated":true}]}}