{"id":1343,"date":"2020-09-13T14:18:24","date_gmt":"2020-09-13T14:18:24","guid":{"rendered":"http:\/\/grandmosque-iceland.is\/?p=1343"},"modified":"2020-09-13T14:18:25","modified_gmt":"2020-09-13T14:18:25","slug":"hlutfallslega-mest-fjolgun-i-stofnun-muslima-a-islandi","status":"publish","type":"post","link":"https:\/\/grandmosque-iceland.is\/?p=1343","title":{"rendered":"Hlutfallslega mest fj\u00f6lgun \u00ed Stofnun M\u00faslima \u00e1 \u00cdslandi"},"content":{"rendered":"\n<p class=\"has-medium-font-size\">Alls voru 230.626 einstaklingar, e\u00f0a 62,9% landsmanna, skr\u00e1\u00f0ir \u00ed \u00fej\u00f3\u00f0kirkjuna 1. j\u00fal\u00ed s\u00ed\u00f0astli\u00f0inn samkv\u00e6mt samantekt \u00dej\u00f3\u00f0skr\u00e1r \u00cdslands. N\u00e6st kemur Ka\u00fe\u00f3lska kirkjan me\u00f0 14.675 me\u00f0limi og Fr\u00edkirkjan \u00ed Reykjav\u00edk me\u00f0 10.016 me\u00f0limi. Hlutfallsleg fj\u00f6lgun \u00e1 sj\u00f6 m\u00e1na\u00f0a t\u00edmabili var mest \u00ed stofnun M\u00faslima \u00e1 \u00cdslandi, \u00fear sem fj\u00f6lga\u00f0i um 90 f\u00e9laga, eru n\u00fa 341. \u00dea\u00f0 er fj\u00f6lgun um 35,9%. Fr\u00e1 1. desember s\u00ed\u00f0astli\u00f0num var fj\u00f6lgunin tali\u00f0 \u00ed einstaklingum mest \u00ed Si\u00f0mennt, e\u00f0a um 276 me\u00f0limi. \u00cd \u00e1satr\u00faarf\u00e9laginu hefur fj\u00f6lga\u00f0 um 216 me\u00f0limi. Mest f\u00e6kkun var \u00ed \u00fej\u00f3\u00f0kirkjunni e\u00f0a um 528 og \u00ed zuism f\u00e6kka\u00f0i um 167 me\u00f0limi.<\/p>\n\n\n\n<p class=\"has-medium-font-size\">\u00cd n\u00fdli\u00f0num m\u00e1nu\u00f0i kom \u00e1 skr\u00e1 fimmtugasta og fyrsta tr\u00fa- og l\u00edfssko\u00f0unarf\u00e9lagi\u00f0. \u00dea\u00f0 er f\u00e9lagi\u00f0 Lakulish j\u00f3ga \u00e1 \u00cdslandi. Alls eru n\u00fa 30 skr\u00e1\u00f0ir f\u00e9lagar. Alls eru 7,3% landsmanna skr\u00e1\u00f0 utan tr\u00fa- og l\u00edfssko\u00f0unarf\u00e9laga, e\u00f0a 26.806 einstaklingar. 54.002 landsmanna eru me\u00f0 \u00f3tilgreinda skr\u00e1ningu, e\u00f0a 14,7%.<br><\/p>\n","protected":false},"excerpt":{"rendered":"<p>Alls voru 230.626 einstaklingar, e\u00f0a 62,9% landsmanna, skr\u00e1\u00f0ir \u00ed \u00fej\u00f3\u00f0kirkjuna 1. j\u00fal\u00ed s\u00ed\u00f0astli\u00f0inn samkv\u00e6mt samantekt \u00dej\u00f3\u00f0skr\u00e1r \u00cdslands. N\u00e6st kemur Ka\u00fe\u00f3lska kirkjan me\u00f0 14.675 me\u00f0limi og Fr\u00edkirkjan \u00ed Reykjav\u00edk me\u00f0 10.016 me\u00f0limi. Hlutfallsleg fj\u00f6lgun \u00e1 sj\u00f6 m\u00e1na\u00f0a t\u00edmabili var mest \u00ed stofnun M\u00faslima \u00e1 \u00cdslandi, \u00fear sem fj\u00f6lga\u00f0i um 90 f\u00e9laga,&hellip;<\/p>\n","protected":false},"author":2,"featured_media":1344,"comment_status":"closed","ping_status":"open","sticky":false,"template":"","format":"standard","meta":{"footnotes":""},"categories":[1],"tags":[],"class_list":["post-1343","post","type-post","status-publish","format-standard","has-post-thumbnail","hentry","category-frettir"],"yoast_head":"<!-- This site is optimized with the Yoast SEO plugin v27.5 - https:\/\/yoast.com\/product\/yoast-seo-wordpress\/ -->\n<title>Hlutfallslega mest fj\u00f6lgun \u00ed Stofnun M\u00faslima \u00e1 \u00cdslandi - St\u00f3rmoskan \u00e1 \u00edslands<\/title>\n<meta name=\"robots\" content=\"index, follow, max-snippet:-1, max-image-preview:large, max-video-preview:-1\" \/>\n<link rel=\"canonical\" href=\"https:\/\/grandmosque-iceland.is\/?p=1343\" \/>\n<meta property=\"og:locale\" content=\"is_IS\" \/>\n<meta property=\"og:type\" content=\"article\" \/>\n<meta property=\"og:title\" content=\"Hlutfallslega mest fj\u00f6lgun \u00ed Stofnun M\u00faslima \u00e1 \u00cdslandi - St\u00f3rmoskan \u00e1 \u00edslands\" \/>\n<meta property=\"og:description\" content=\"Alls voru 230.626 einstaklingar, e\u00f0a 62,9% landsmanna, skr\u00e1\u00f0ir \u00ed \u00fej\u00f3\u00f0kirkjuna 1. j\u00fal\u00ed s\u00ed\u00f0astli\u00f0inn samkv\u00e6mt samantekt \u00dej\u00f3\u00f0skr\u00e1r \u00cdslands. N\u00e6st kemur Ka\u00fe\u00f3lska kirkjan me\u00f0 14.675 me\u00f0limi og Fr\u00edkirkjan \u00ed Reykjav\u00edk me\u00f0 10.016 me\u00f0limi. Hlutfallsleg fj\u00f6lgun \u00e1 sj\u00f6 m\u00e1na\u00f0a t\u00edmabili var mest \u00ed stofnun M\u00faslima \u00e1 \u00cdslandi, \u00fear sem fj\u00f6lga\u00f0i um 90 f\u00e9laga,&hellip;\" \/>\n<meta property=\"og:url\" content=\"https:\/\/grandmosque-iceland.is\/?p=1343\" \/>\n<meta property=\"og:site_name\" content=\"St\u00f3rmoskan \u00e1 \u00edslands\" \/>\n<meta property=\"article:published_time\" content=\"2020-09-13T14:18:24+00:00\" \/>\n<meta property=\"article:modified_time\" content=\"2020-09-13T14:18:25+00:00\" \/>\n<meta property=\"og:image\" content=\"https:\/\/grandmosque-iceland.is\/wp-content\/uploads\/2020\/09\/MPOD7.jpg\" \/>\n\t<meta property=\"og:image:width\" content=\"1000\" \/>\n\t<meta property=\"og:image:height\" content=\"562\" \/>\n\t<meta property=\"og:image:type\" content=\"image\/jpeg\" \/>\n<meta name=\"author\" content=\"karimaskari\" \/>\n<meta name=\"twitter:card\" content=\"summary_large_image\" \/>\n<meta name=\"twitter:label1\" content=\"Written by\" \/>\n\t<meta name=\"twitter:data1\" content=\"karimaskari\" \/>\n\t<meta name=\"twitter:label2\" content=\"Est. reading time\" \/>\n\t<meta name=\"twitter:data2\" content=\"1 minute\" \/>\n<script type=\"application\/ld+json\" class=\"yoast-schema-graph\">{\"@context\":\"https:\\\/\\\/schema.org\",\"@graph\":[{\"@type\":\"Article\",\"@id\":\"https:\\\/\\\/grandmosque-iceland.is\\\/?p=1343#article\",\"isPartOf\":{\"@id\":\"https:\\\/\\\/grandmosque-iceland.is\\\/?p=1343\"},\"author\":{\"name\":\"karimaskari\",\"@id\":\"https:\\\/\\\/grandmosque-iceland.is\\\/#\\\/schema\\\/person\\\/05f3aef51183dc27d604820aa29fdfe5\"},\"headline\":\"Hlutfallslega mest fj\u00f6lgun \u00ed Stofnun M\u00faslima \u00e1 \u00cdslandi\",\"datePublished\":\"2020-09-13T14:18:24+00:00\",\"dateModified\":\"2020-09-13T14:18:25+00:00\",\"mainEntityOfPage\":{\"@id\":\"https:\\\/\\\/grandmosque-iceland.is\\\/?p=1343\"},\"wordCount\":177,\"publisher\":{\"@id\":\"https:\\\/\\\/grandmosque-iceland.is\\\/#organization\"},\"image\":{\"@id\":\"https:\\\/\\\/grandmosque-iceland.is\\\/?p=1343#primaryimage\"},\"thumbnailUrl\":\"https:\\\/\\\/grandmosque-iceland.is\\\/wp-content\\\/uploads\\\/2020\\\/09\\\/MPOD7.jpg\",\"articleSection\":[\"Fr\u00e9ttir\"],\"inLanguage\":\"is\"},{\"@type\":\"WebPage\",\"@id\":\"https:\\\/\\\/grandmosque-iceland.is\\\/?p=1343\",\"url\":\"https:\\\/\\\/grandmosque-iceland.is\\\/?p=1343\",\"name\":\"Hlutfallslega mest fj\u00f6lgun \u00ed Stofnun M\u00faslima \u00e1 \u00cdslandi - St\u00f3rmoskan \u00e1 \u00edslands\",\"isPartOf\":{\"@id\":\"https:\\\/\\\/grandmosque-iceland.is\\\/#website\"},\"primaryImageOfPage\":{\"@id\":\"https:\\\/\\\/grandmosque-iceland.is\\\/?p=1343#primaryimage\"},\"image\":{\"@id\":\"https:\\\/\\\/grandmosque-iceland.is\\\/?p=1343#primaryimage\"},\"thumbnailUrl\":\"https:\\\/\\\/grandmosque-iceland.is\\\/wp-content\\\/uploads\\\/2020\\\/09\\\/MPOD7.jpg\",\"datePublished\":\"2020-09-13T14:18:24+00:00\",\"dateModified\":\"2020-09-13T14:18:25+00:00\",\"breadcrumb\":{\"@id\":\"https:\\\/\\\/grandmosque-iceland.is\\\/?p=1343#breadcrumb\"},\"inLanguage\":\"is\",\"potentialAction\":[{\"@type\":\"ReadAction\",\"target\":[\"https:\\\/\\\/grandmosque-iceland.is\\\/?p=1343\"]}]},{\"@type\":\"ImageObject\",\"inLanguage\":\"is\",\"@id\":\"https:\\\/\\\/grandmosque-iceland.is\\\/?p=1343#primaryimage\",\"url\":\"https:\\\/\\\/grandmosque-iceland.is\\\/wp-content\\\/uploads\\\/2020\\\/09\\\/MPOD7.jpg\",\"contentUrl\":\"https:\\\/\\\/grandmosque-iceland.is\\\/wp-content\\\/uploads\\\/2020\\\/09\\\/MPOD7.jpg\",\"width\":1000,\"height\":562},{\"@type\":\"BreadcrumbList\",\"@id\":\"https:\\\/\\\/grandmosque-iceland.is\\\/?p=1343#breadcrumb\",\"itemListElement\":[{\"@type\":\"ListItem\",\"position\":1,\"name\":\"Home\",\"item\":\"https:\\\/\\\/grandmosque-iceland.is\\\/\"},{\"@type\":\"ListItem\",\"position\":2,\"name\":\"Hlutfallslega mest fj\u00f6lgun \u00ed Stofnun M\u00faslima \u00e1 \u00cdslandi\"}]},{\"@type\":\"WebSite\",\"@id\":\"https:\\\/\\\/grandmosque-iceland.is\\\/#website\",\"url\":\"https:\\\/\\\/grandmosque-iceland.is\\\/\",\"name\":\"St\u00f3rmoskan \u00e1 \u00edslands\",\"description\":\"\",\"publisher\":{\"@id\":\"https:\\\/\\\/grandmosque-iceland.is\\\/#organization\"},\"potentialAction\":[{\"@type\":\"SearchAction\",\"target\":{\"@type\":\"EntryPoint\",\"urlTemplate\":\"https:\\\/\\\/grandmosque-iceland.is\\\/?s={search_term_string}\"},\"query-input\":{\"@type\":\"PropertyValueSpecification\",\"valueRequired\":true,\"valueName\":\"search_term_string\"}}],\"inLanguage\":\"is\"},{\"@type\":\"Organization\",\"@id\":\"https:\\\/\\\/grandmosque-iceland.is\\\/#organization\",\"name\":\"St\u00f3rmoskan \u00e1 \u00edslands\",\"url\":\"https:\\\/\\\/grandmosque-iceland.is\\\/\",\"logo\":{\"@type\":\"ImageObject\",\"inLanguage\":\"is\",\"@id\":\"https:\\\/\\\/grandmosque-iceland.is\\\/#\\\/schema\\\/logo\\\/image\\\/\",\"url\":\"https:\\\/\\\/grandmosque-iceland.is\\\/wp-content\\\/uploads\\\/2019\\\/12\\\/logo-n-1.png\",\"contentUrl\":\"https:\\\/\\\/grandmosque-iceland.is\\\/wp-content\\\/uploads\\\/2019\\\/12\\\/logo-n-1.png\",\"width\":236,\"height\":85,\"caption\":\"St\u00f3rmoskan \u00e1 \u00edslands\"},\"image\":{\"@id\":\"https:\\\/\\\/grandmosque-iceland.is\\\/#\\\/schema\\\/logo\\\/image\\\/\"}},{\"@type\":\"Person\",\"@id\":\"https:\\\/\\\/grandmosque-iceland.is\\\/#\\\/schema\\\/person\\\/05f3aef51183dc27d604820aa29fdfe5\",\"name\":\"karimaskari\",\"url\":\"https:\\\/\\\/grandmosque-iceland.is\\\/?author=2\"}]}<\/script>\n<!-- \/ Yoast SEO plugin. -->","yoast_head_json":{"title":"Hlutfallslega mest fj\u00f6lgun \u00ed Stofnun M\u00faslima \u00e1 \u00cdslandi - St\u00f3rmoskan \u00e1 \u00edslands","robots":{"index":"index","follow":"follow","max-snippet":"max-snippet:-1","max-image-preview":"max-image-preview:large","max-video-preview":"max-video-preview:-1"},"canonical":"https:\/\/grandmosque-iceland.is\/?p=1343","og_locale":"is_IS","og_type":"article","og_title":"Hlutfallslega mest fj\u00f6lgun \u00ed Stofnun M\u00faslima \u00e1 \u00cdslandi - St\u00f3rmoskan \u00e1 \u00edslands","og_description":"Alls voru 230.626 einstaklingar, e\u00f0a 62,9% landsmanna, skr\u00e1\u00f0ir \u00ed \u00fej\u00f3\u00f0kirkjuna 1. j\u00fal\u00ed s\u00ed\u00f0astli\u00f0inn samkv\u00e6mt samantekt \u00dej\u00f3\u00f0skr\u00e1r \u00cdslands. N\u00e6st kemur Ka\u00fe\u00f3lska kirkjan me\u00f0 14.675 me\u00f0limi og Fr\u00edkirkjan \u00ed Reykjav\u00edk me\u00f0 10.016 me\u00f0limi. Hlutfallsleg fj\u00f6lgun \u00e1 sj\u00f6 m\u00e1na\u00f0a t\u00edmabili var mest \u00ed stofnun M\u00faslima \u00e1 \u00cdslandi, \u00fear sem fj\u00f6lga\u00f0i um 90 f\u00e9laga,&hellip;","og_url":"https:\/\/grandmosque-iceland.is\/?p=1343","og_site_name":"St\u00f3rmoskan \u00e1 \u00edslands","article_published_time":"2020-09-13T14:18:24+00:00","article_modified_time":"2020-09-13T14:18:25+00:00","og_image":[{"width":1000,"height":562,"url":"https:\/\/grandmosque-iceland.is\/wp-content\/uploads\/2020\/09\/MPOD7.jpg","type":"image\/jpeg"}],"author":"karimaskari","twitter_card":"summary_large_image","twitter_misc":{"Written by":"karimaskari","Est. reading time":"1 minute"},"schema":{"@context":"https:\/\/schema.org","@graph":[{"@type":"Article","@id":"https:\/\/grandmosque-iceland.is\/?p=1343#article","isPartOf":{"@id":"https:\/\/grandmosque-iceland.is\/?p=1343"},"author":{"name":"karimaskari","@id":"https:\/\/grandmosque-iceland.is\/#\/schema\/person\/05f3aef51183dc27d604820aa29fdfe5"},"headline":"Hlutfallslega mest fj\u00f6lgun \u00ed Stofnun M\u00faslima \u00e1 \u00cdslandi","datePublished":"2020-09-13T14:18:24+00:00","dateModified":"2020-09-13T14:18:25+00:00","mainEntityOfPage":{"@id":"https:\/\/grandmosque-iceland.is\/?p=1343"},"wordCount":177,"publisher":{"@id":"https:\/\/grandmosque-iceland.is\/#organization"},"image":{"@id":"https:\/\/grandmosque-iceland.is\/?p=1343#primaryimage"},"thumbnailUrl":"https:\/\/grandmosque-iceland.is\/wp-content\/uploads\/2020\/09\/MPOD7.jpg","articleSection":["Fr\u00e9ttir"],"inLanguage":"is"},{"@type":"WebPage","@id":"https:\/\/grandmosque-iceland.is\/?p=1343","url":"https:\/\/grandmosque-iceland.is\/?p=1343","name":"Hlutfallslega mest fj\u00f6lgun \u00ed Stofnun M\u00faslima \u00e1 \u00cdslandi - St\u00f3rmoskan \u00e1 \u00edslands","isPartOf":{"@id":"https:\/\/grandmosque-iceland.is\/#website"},"primaryImageOfPage":{"@id":"https:\/\/grandmosque-iceland.is\/?p=1343#primaryimage"},"image":{"@id":"https:\/\/grandmosque-iceland.is\/?p=1343#primaryimage"},"thumbnailUrl":"https:\/\/grandmosque-iceland.is\/wp-content\/uploads\/2020\/09\/MPOD7.jpg","datePublished":"2020-09-13T14:18:24+00:00","dateModified":"2020-09-13T14:18:25+00:00","breadcrumb":{"@id":"https:\/\/grandmosque-iceland.is\/?p=1343#breadcrumb"},"inLanguage":"is","potentialAction":[{"@type":"ReadAction","target":["https:\/\/grandmosque-iceland.is\/?p=1343"]}]},{"@type":"ImageObject","inLanguage":"is","@id":"https:\/\/grandmosque-iceland.is\/?p=1343#primaryimage","url":"https:\/\/grandmosque-iceland.is\/wp-content\/uploads\/2020\/09\/MPOD7.jpg","contentUrl":"https:\/\/grandmosque-iceland.is\/wp-content\/uploads\/2020\/09\/MPOD7.jpg","width":1000,"height":562},{"@type":"BreadcrumbList","@id":"https:\/\/grandmosque-iceland.is\/?p=1343#breadcrumb","itemListElement":[{"@type":"ListItem","position":1,"name":"Home","item":"https:\/\/grandmosque-iceland.is\/"},{"@type":"ListItem","position":2,"name":"Hlutfallslega mest fj\u00f6lgun \u00ed Stofnun M\u00faslima \u00e1 \u00cdslandi"}]},{"@type":"WebSite","@id":"https:\/\/grandmosque-iceland.is\/#website","url":"https:\/\/grandmosque-iceland.is\/","name":"St\u00f3rmoskan \u00e1 \u00edslands","description":"","publisher":{"@id":"https:\/\/grandmosque-iceland.is\/#organization"},"potentialAction":[{"@type":"SearchAction","target":{"@type":"EntryPoint","urlTemplate":"https:\/\/grandmosque-iceland.is\/?s={search_term_string}"},"query-input":{"@type":"PropertyValueSpecification","valueRequired":true,"valueName":"search_term_string"}}],"inLanguage":"is"},{"@type":"Organization","@id":"https:\/\/grandmosque-iceland.is\/#organization","name":"St\u00f3rmoskan \u00e1 \u00edslands","url":"https:\/\/grandmosque-iceland.is\/","logo":{"@type":"ImageObject","inLanguage":"is","@id":"https:\/\/grandmosque-iceland.is\/#\/schema\/logo\/image\/","url":"https:\/\/grandmosque-iceland.is\/wp-content\/uploads\/2019\/12\/logo-n-1.png","contentUrl":"https:\/\/grandmosque-iceland.is\/wp-content\/uploads\/2019\/12\/logo-n-1.png","width":236,"height":85,"caption":"St\u00f3rmoskan \u00e1 \u00edslands"},"image":{"@id":"https:\/\/grandmosque-iceland.is\/#\/schema\/logo\/image\/"}},{"@type":"Person","@id":"https:\/\/grandmosque-iceland.is\/#\/schema\/person\/05f3aef51183dc27d604820aa29fdfe5","name":"karimaskari","url":"https:\/\/grandmosque-iceland.is\/?author=2"}]}},"amp_enabled":true,"_links":{"self":[{"href":"https:\/\/grandmosque-iceland.is\/index.php?rest_route=\/wp\/v2\/posts\/1343","targetHints":{"allow":["GET"]}}],"collection":[{"href":"https:\/\/grandmosque-iceland.is\/index.php?rest_route=\/wp\/v2\/posts"}],"about":[{"href":"https:\/\/grandmosque-iceland.is\/index.php?rest_route=\/wp\/v2\/types\/post"}],"author":[{"embeddable":true,"href":"https:\/\/grandmosque-iceland.is\/index.php?rest_route=\/wp\/v2\/users\/2"}],"replies":[{"embeddable":true,"href":"https:\/\/grandmosque-iceland.is\/index.php?rest_route=%2Fwp%2Fv2%2Fcomments&post=1343"}],"version-history":[{"count":1,"href":"https:\/\/grandmosque-iceland.is\/index.php?rest_route=\/wp\/v2\/posts\/1343\/revisions"}],"predecessor-version":[{"id":1345,"href":"https:\/\/grandmosque-iceland.is\/index.php?rest_route=\/wp\/v2\/posts\/1343\/revisions\/1345"}],"wp:featuredmedia":[{"embeddable":true,"href":"https:\/\/grandmosque-iceland.is\/index.php?rest_route=\/wp\/v2\/media\/1344"}],"wp:attachment":[{"href":"https:\/\/grandmosque-iceland.is\/index.php?rest_route=%2Fwp%2Fv2%2Fmedia&parent=1343"}],"wp:term":[{"taxonomy":"category","embeddable":true,"href":"https:\/\/grandmosque-iceland.is\/index.php?rest_route=%2Fwp%2Fv2%2Fcategories&post=1343"},{"taxonomy":"post_tag","embeddable":true,"href":"https:\/\/grandmosque-iceland.is\/index.php?rest_route=%2Fwp%2Fv2%2Ftags&post=1343"}],"curies":[{"name":"wp","href":"https:\/\/api.w.org\/{rel}","templated":true}]}}