{"id":1273,"date":"2019-11-27T01:07:00","date_gmt":"2019-11-27T01:07:00","guid":{"rendered":"http:\/\/grandmosque-iceland.is\/?p=1273"},"modified":"2019-12-27T01:09:24","modified_gmt":"2019-12-27T01:09:24","slug":"island-i-dag-allir-eru-velkomnir-i-mat","status":"publish","type":"post","link":"https:\/\/grandmosque-iceland.is\/?p=1273","title":{"rendered":"\u00cdsland \u00ed dag &#8211; Allir eru velkomnir \u00ed mat"},"content":{"rendered":"","protected":false},"excerpt":{"rendered":"","protected":false},"author":1,"featured_media":1274,"comment_status":"closed","ping_status":"open","sticky":false,"template":"","format":"standard","meta":{"footnotes":""},"categories":[1],"tags":[],"class_list":["post-1273","post","type-post","status-publish","format-standard","has-post-thumbnail","hentry","category-frettir"],"yoast_head":"<!-- This site is optimized with the Yoast SEO plugin v27.5 - https:\/\/yoast.com\/product\/yoast-seo-wordpress\/ -->\n<title>\u00cdsland \u00ed dag - Allir eru velkomnir \u00ed mat - St\u00f3rmoskan \u00e1 \u00edslands<\/title>\n<meta name=\"robots\" content=\"index, follow, max-snippet:-1, max-image-preview:large, max-video-preview:-1\" \/>\n<link rel=\"canonical\" href=\"https:\/\/grandmosque-iceland.is\/?p=1273\" \/>\n<meta property=\"og:locale\" content=\"is_IS\" \/>\n<meta property=\"og:type\" content=\"article\" \/>\n<meta property=\"og:title\" content=\"\u00cdsland \u00ed dag - Allir eru velkomnir \u00ed mat - St\u00f3rmoskan \u00e1 \u00edslands\" \/>\n<meta property=\"og:url\" content=\"https:\/\/grandmosque-iceland.is\/?p=1273\" \/>\n<meta property=\"og:site_name\" content=\"St\u00f3rmoskan \u00e1 \u00edslands\" \/>\n<meta property=\"article:published_time\" content=\"2019-11-27T01:07:00+00:00\" \/>\n<meta property=\"article:modified_time\" content=\"2019-12-27T01:09:24+00:00\" \/>\n<meta property=\"og:image\" content=\"https:\/\/grandmosque-iceland.is\/wp-content\/uploads\/2019\/12\/thumbs-1574881855572-upl-637104793868359364.jpg\" \/>\n\t<meta property=\"og:image:width\" content=\"880\" \/>\n\t<meta property=\"og:image:height\" content=\"478\" \/>\n\t<meta property=\"og:image:type\" content=\"image\/jpeg\" \/>\n<meta name=\"author\" content=\"Mehwar Medias\" \/>\n<meta name=\"twitter:card\" content=\"summary_large_image\" \/>\n<meta name=\"twitter:label1\" content=\"Written by\" \/>\n\t<meta name=\"twitter:data1\" content=\"Mehwar Medias\" \/>\n<script type=\"application\/ld+json\" class=\"yoast-schema-graph\">{\"@context\":\"https:\\\/\\\/schema.org\",\"@graph\":[{\"@type\":\"Article\",\"@id\":\"https:\\\/\\\/grandmosque-iceland.is\\\/?p=1273#article\",\"isPartOf\":{\"@id\":\"https:\\\/\\\/grandmosque-iceland.is\\\/?p=1273\"},\"author\":{\"name\":\"Mehwar Medias\",\"@id\":\"https:\\\/\\\/grandmosque-iceland.is\\\/#\\\/schema\\\/person\\\/9bdfd07e80733baa73065e1c00cc1219\"},\"headline\":\"\u00cdsland \u00ed dag &#8211; Allir eru velkomnir \u00ed mat\",\"datePublished\":\"2019-11-27T01:07:00+00:00\",\"dateModified\":\"2019-12-27T01:09:24+00:00\",\"mainEntityOfPage\":{\"@id\":\"https:\\\/\\\/grandmosque-iceland.is\\\/?p=1273\"},\"wordCount\":7,\"publisher\":{\"@id\":\"https:\\\/\\\/grandmosque-iceland.is\\\/#organization\"},\"image\":{\"@id\":\"https:\\\/\\\/grandmosque-iceland.is\\\/?p=1273#primaryimage\"},\"thumbnailUrl\":\"https:\\\/\\\/grandmosque-iceland.is\\\/wp-content\\\/uploads\\\/2019\\\/12\\\/thumbs-1574881855572-upl-637104793868359364.jpg\",\"articleSection\":[\"Fr\u00e9ttir\"],\"inLanguage\":\"is\"},{\"@type\":\"WebPage\",\"@id\":\"https:\\\/\\\/grandmosque-iceland.is\\\/?p=1273\",\"url\":\"https:\\\/\\\/grandmosque-iceland.is\\\/?p=1273\",\"name\":\"\u00cdsland \u00ed dag - Allir eru velkomnir \u00ed mat - St\u00f3rmoskan \u00e1 \u00edslands\",\"isPartOf\":{\"@id\":\"https:\\\/\\\/grandmosque-iceland.is\\\/#website\"},\"primaryImageOfPage\":{\"@id\":\"https:\\\/\\\/grandmosque-iceland.is\\\/?p=1273#primaryimage\"},\"image\":{\"@id\":\"https:\\\/\\\/grandmosque-iceland.is\\\/?p=1273#primaryimage\"},\"thumbnailUrl\":\"https:\\\/\\\/grandmosque-iceland.is\\\/wp-content\\\/uploads\\\/2019\\\/12\\\/thumbs-1574881855572-upl-637104793868359364.jpg\",\"datePublished\":\"2019-11-27T01:07:00+00:00\",\"dateModified\":\"2019-12-27T01:09:24+00:00\",\"breadcrumb\":{\"@id\":\"https:\\\/\\\/grandmosque-iceland.is\\\/?p=1273#breadcrumb\"},\"inLanguage\":\"is\",\"potentialAction\":[{\"@type\":\"ReadAction\",\"target\":[\"https:\\\/\\\/grandmosque-iceland.is\\\/?p=1273\"]}]},{\"@type\":\"ImageObject\",\"inLanguage\":\"is\",\"@id\":\"https:\\\/\\\/grandmosque-iceland.is\\\/?p=1273#primaryimage\",\"url\":\"https:\\\/\\\/grandmosque-iceland.is\\\/wp-content\\\/uploads\\\/2019\\\/12\\\/thumbs-1574881855572-upl-637104793868359364.jpg\",\"contentUrl\":\"https:\\\/\\\/grandmosque-iceland.is\\\/wp-content\\\/uploads\\\/2019\\\/12\\\/thumbs-1574881855572-upl-637104793868359364.jpg\",\"width\":880,\"height\":478},{\"@type\":\"BreadcrumbList\",\"@id\":\"https:\\\/\\\/grandmosque-iceland.is\\\/?p=1273#breadcrumb\",\"itemListElement\":[{\"@type\":\"ListItem\",\"position\":1,\"name\":\"Home\",\"item\":\"https:\\\/\\\/grandmosque-iceland.is\\\/\"},{\"@type\":\"ListItem\",\"position\":2,\"name\":\"\u00cdsland \u00ed dag &#8211; Allir eru velkomnir \u00ed mat\"}]},{\"@type\":\"WebSite\",\"@id\":\"https:\\\/\\\/grandmosque-iceland.is\\\/#website\",\"url\":\"https:\\\/\\\/grandmosque-iceland.is\\\/\",\"name\":\"St\u00f3rmoskan \u00e1 \u00edslands\",\"description\":\"\",\"publisher\":{\"@id\":\"https:\\\/\\\/grandmosque-iceland.is\\\/#organization\"},\"potentialAction\":[{\"@type\":\"SearchAction\",\"target\":{\"@type\":\"EntryPoint\",\"urlTemplate\":\"https:\\\/\\\/grandmosque-iceland.is\\\/?s={search_term_string}\"},\"query-input\":{\"@type\":\"PropertyValueSpecification\",\"valueRequired\":true,\"valueName\":\"search_term_string\"}}],\"inLanguage\":\"is\"},{\"@type\":\"Organization\",\"@id\":\"https:\\\/\\\/grandmosque-iceland.is\\\/#organization\",\"name\":\"St\u00f3rmoskan \u00e1 \u00edslands\",\"url\":\"https:\\\/\\\/grandmosque-iceland.is\\\/\",\"logo\":{\"@type\":\"ImageObject\",\"inLanguage\":\"is\",\"@id\":\"https:\\\/\\\/grandmosque-iceland.is\\\/#\\\/schema\\\/logo\\\/image\\\/\",\"url\":\"https:\\\/\\\/grandmosque-iceland.is\\\/wp-content\\\/uploads\\\/2019\\\/12\\\/logo-n-1.png\",\"contentUrl\":\"https:\\\/\\\/grandmosque-iceland.is\\\/wp-content\\\/uploads\\\/2019\\\/12\\\/logo-n-1.png\",\"width\":236,\"height\":85,\"caption\":\"St\u00f3rmoskan \u00e1 \u00edslands\"},\"image\":{\"@id\":\"https:\\\/\\\/grandmosque-iceland.is\\\/#\\\/schema\\\/logo\\\/image\\\/\"}},{\"@type\":\"Person\",\"@id\":\"https:\\\/\\\/grandmosque-iceland.is\\\/#\\\/schema\\\/person\\\/9bdfd07e80733baa73065e1c00cc1219\",\"name\":\"Mehwar Medias\",\"url\":\"https:\\\/\\\/grandmosque-iceland.is\\\/?author=1\"}]}<\/script>\n<!-- \/ Yoast SEO plugin. -->","yoast_head_json":{"title":"\u00cdsland \u00ed dag - Allir eru velkomnir \u00ed mat - St\u00f3rmoskan \u00e1 \u00edslands","robots":{"index":"index","follow":"follow","max-snippet":"max-snippet:-1","max-image-preview":"max-image-preview:large","max-video-preview":"max-video-preview:-1"},"canonical":"https:\/\/grandmosque-iceland.is\/?p=1273","og_locale":"is_IS","og_type":"article","og_title":"\u00cdsland \u00ed dag - Allir eru velkomnir \u00ed mat - St\u00f3rmoskan \u00e1 \u00edslands","og_url":"https:\/\/grandmosque-iceland.is\/?p=1273","og_site_name":"St\u00f3rmoskan \u00e1 \u00edslands","article_published_time":"2019-11-27T01:07:00+00:00","article_modified_time":"2019-12-27T01:09:24+00:00","og_image":[{"width":880,"height":478,"url":"https:\/\/grandmosque-iceland.is\/wp-content\/uploads\/2019\/12\/thumbs-1574881855572-upl-637104793868359364.jpg","type":"image\/jpeg"}],"author":"Mehwar Medias","twitter_card":"summary_large_image","twitter_misc":{"Written by":"Mehwar Medias"},"schema":{"@context":"https:\/\/schema.org","@graph":[{"@type":"Article","@id":"https:\/\/grandmosque-iceland.is\/?p=1273#article","isPartOf":{"@id":"https:\/\/grandmosque-iceland.is\/?p=1273"},"author":{"name":"Mehwar Medias","@id":"https:\/\/grandmosque-iceland.is\/#\/schema\/person\/9bdfd07e80733baa73065e1c00cc1219"},"headline":"\u00cdsland \u00ed dag &#8211; Allir eru velkomnir \u00ed mat","datePublished":"2019-11-27T01:07:00+00:00","dateModified":"2019-12-27T01:09:24+00:00","mainEntityOfPage":{"@id":"https:\/\/grandmosque-iceland.is\/?p=1273"},"wordCount":7,"publisher":{"@id":"https:\/\/grandmosque-iceland.is\/#organization"},"image":{"@id":"https:\/\/grandmosque-iceland.is\/?p=1273#primaryimage"},"thumbnailUrl":"https:\/\/grandmosque-iceland.is\/wp-content\/uploads\/2019\/12\/thumbs-1574881855572-upl-637104793868359364.jpg","articleSection":["Fr\u00e9ttir"],"inLanguage":"is"},{"@type":"WebPage","@id":"https:\/\/grandmosque-iceland.is\/?p=1273","url":"https:\/\/grandmosque-iceland.is\/?p=1273","name":"\u00cdsland \u00ed dag - Allir eru velkomnir \u00ed mat - St\u00f3rmoskan \u00e1 \u00edslands","isPartOf":{"@id":"https:\/\/grandmosque-iceland.is\/#website"},"primaryImageOfPage":{"@id":"https:\/\/grandmosque-iceland.is\/?p=1273#primaryimage"},"image":{"@id":"https:\/\/grandmosque-iceland.is\/?p=1273#primaryimage"},"thumbnailUrl":"https:\/\/grandmosque-iceland.is\/wp-content\/uploads\/2019\/12\/thumbs-1574881855572-upl-637104793868359364.jpg","datePublished":"2019-11-27T01:07:00+00:00","dateModified":"2019-12-27T01:09:24+00:00","breadcrumb":{"@id":"https:\/\/grandmosque-iceland.is\/?p=1273#breadcrumb"},"inLanguage":"is","potentialAction":[{"@type":"ReadAction","target":["https:\/\/grandmosque-iceland.is\/?p=1273"]}]},{"@type":"ImageObject","inLanguage":"is","@id":"https:\/\/grandmosque-iceland.is\/?p=1273#primaryimage","url":"https:\/\/grandmosque-iceland.is\/wp-content\/uploads\/2019\/12\/thumbs-1574881855572-upl-637104793868359364.jpg","contentUrl":"https:\/\/grandmosque-iceland.is\/wp-content\/uploads\/2019\/12\/thumbs-1574881855572-upl-637104793868359364.jpg","width":880,"height":478},{"@type":"BreadcrumbList","@id":"https:\/\/grandmosque-iceland.is\/?p=1273#breadcrumb","itemListElement":[{"@type":"ListItem","position":1,"name":"Home","item":"https:\/\/grandmosque-iceland.is\/"},{"@type":"ListItem","position":2,"name":"\u00cdsland \u00ed dag &#8211; Allir eru velkomnir \u00ed mat"}]},{"@type":"WebSite","@id":"https:\/\/grandmosque-iceland.is\/#website","url":"https:\/\/grandmosque-iceland.is\/","name":"St\u00f3rmoskan \u00e1 \u00edslands","description":"","publisher":{"@id":"https:\/\/grandmosque-iceland.is\/#organization"},"potentialAction":[{"@type":"SearchAction","target":{"@type":"EntryPoint","urlTemplate":"https:\/\/grandmosque-iceland.is\/?s={search_term_string}"},"query-input":{"@type":"PropertyValueSpecification","valueRequired":true,"valueName":"search_term_string"}}],"inLanguage":"is"},{"@type":"Organization","@id":"https:\/\/grandmosque-iceland.is\/#organization","name":"St\u00f3rmoskan \u00e1 \u00edslands","url":"https:\/\/grandmosque-iceland.is\/","logo":{"@type":"ImageObject","inLanguage":"is","@id":"https:\/\/grandmosque-iceland.is\/#\/schema\/logo\/image\/","url":"https:\/\/grandmosque-iceland.is\/wp-content\/uploads\/2019\/12\/logo-n-1.png","contentUrl":"https:\/\/grandmosque-iceland.is\/wp-content\/uploads\/2019\/12\/logo-n-1.png","width":236,"height":85,"caption":"St\u00f3rmoskan \u00e1 \u00edslands"},"image":{"@id":"https:\/\/grandmosque-iceland.is\/#\/schema\/logo\/image\/"}},{"@type":"Person","@id":"https:\/\/grandmosque-iceland.is\/#\/schema\/person\/9bdfd07e80733baa73065e1c00cc1219","name":"Mehwar Medias","url":"https:\/\/grandmosque-iceland.is\/?author=1"}]}},"amp_enabled":true,"_links":{"self":[{"href":"https:\/\/grandmosque-iceland.is\/index.php?rest_route=\/wp\/v2\/posts\/1273","targetHints":{"allow":["GET"]}}],"collection":[{"href":"https:\/\/grandmosque-iceland.is\/index.php?rest_route=\/wp\/v2\/posts"}],"about":[{"href":"https:\/\/grandmosque-iceland.is\/index.php?rest_route=\/wp\/v2\/types\/post"}],"author":[{"embeddable":true,"href":"https:\/\/grandmosque-iceland.is\/index.php?rest_route=\/wp\/v2\/users\/1"}],"replies":[{"embeddable":true,"href":"https:\/\/grandmosque-iceland.is\/index.php?rest_route=%2Fwp%2Fv2%2Fcomments&post=1273"}],"version-history":[{"count":1,"href":"https:\/\/grandmosque-iceland.is\/index.php?rest_route=\/wp\/v2\/posts\/1273\/revisions"}],"predecessor-version":[{"id":1275,"href":"https:\/\/grandmosque-iceland.is\/index.php?rest_route=\/wp\/v2\/posts\/1273\/revisions\/1275"}],"wp:featuredmedia":[{"embeddable":true,"href":"https:\/\/grandmosque-iceland.is\/index.php?rest_route=\/wp\/v2\/media\/1274"}],"wp:attachment":[{"href":"https:\/\/grandmosque-iceland.is\/index.php?rest_route=%2Fwp%2Fv2%2Fmedia&parent=1273"}],"wp:term":[{"taxonomy":"category","embeddable":true,"href":"https:\/\/grandmosque-iceland.is\/index.php?rest_route=%2Fwp%2Fv2%2Fcategories&post=1273"},{"taxonomy":"post_tag","embeddable":true,"href":"https:\/\/grandmosque-iceland.is\/index.php?rest_route=%2Fwp%2Fv2%2Ftags&post=1273"}],"curies":[{"name":"wp","href":"https:\/\/api.w.org\/{rel}","templated":true}]}}