{"id":1270,"date":"2019-12-04T01:05:00","date_gmt":"2019-12-04T01:05:00","guid":{"rendered":"http:\/\/grandmosque-iceland.is\/?p=1270"},"modified":"2019-12-27T01:06:34","modified_gmt":"2019-12-27T01:06:34","slug":"reisa-minarettu-i-skogarhlid","status":"publish","type":"post","link":"https:\/\/grandmosque-iceland.is\/?p=1270","title":{"rendered":"Fyrsti b\u00e6na\u00adturn \u00cds\u00adlands merki til heimsins um um\u00adbur\u00f0ar\u00adlyndi landsins"},"content":{"rendered":"","protected":false},"excerpt":{"rendered":"","protected":false},"author":1,"featured_media":1247,"comment_status":"closed","ping_status":"open","sticky":false,"template":"","format":"standard","meta":{"footnotes":""},"categories":[1],"tags":[],"class_list":["post-1270","post","type-post","status-publish","format-standard","has-post-thumbnail","hentry","category-frettir"],"yoast_head":"<!-- This site is optimized with the Yoast SEO plugin v27.5 - https:\/\/yoast.com\/product\/yoast-seo-wordpress\/ -->\n<title>Fyrsti b\u00e6na\u00adturn \u00cds\u00adlands merki til heimsins um um\u00adbur\u00f0ar\u00adlyndi landsins - St\u00f3rmoskan \u00e1 \u00edslands<\/title>\n<meta name=\"robots\" content=\"index, follow, max-snippet:-1, max-image-preview:large, max-video-preview:-1\" \/>\n<link rel=\"canonical\" href=\"https:\/\/grandmosque-iceland.is\/?p=1270\" \/>\n<meta property=\"og:locale\" content=\"is_IS\" \/>\n<meta property=\"og:type\" content=\"article\" \/>\n<meta property=\"og:title\" content=\"Fyrsti b\u00e6na\u00adturn \u00cds\u00adlands merki til heimsins um um\u00adbur\u00f0ar\u00adlyndi landsins - St\u00f3rmoskan \u00e1 \u00edslands\" \/>\n<meta property=\"og:url\" content=\"https:\/\/grandmosque-iceland.is\/?p=1270\" \/>\n<meta property=\"og:site_name\" content=\"St\u00f3rmoskan \u00e1 \u00edslands\" \/>\n<meta property=\"article:published_time\" content=\"2019-12-04T01:05:00+00:00\" \/>\n<meta property=\"article:modified_time\" content=\"2019-12-27T01:06:34+00:00\" \/>\n<meta property=\"og:image\" content=\"https:\/\/grandmosque-iceland.is\/wp-content\/uploads\/2019\/12\/A71A62CE3CA9CE76D668D2D623C444F17F4B8F56971377AD0051031B50EBF07F_713x0.jpg\" \/>\n\t<meta property=\"og:image:width\" content=\"713\" \/>\n\t<meta property=\"og:image:height\" content=\"475\" \/>\n\t<meta property=\"og:image:type\" content=\"image\/jpeg\" \/>\n<meta name=\"author\" content=\"Mehwar Medias\" \/>\n<meta name=\"twitter:card\" content=\"summary_large_image\" \/>\n<meta name=\"twitter:label1\" content=\"Written by\" \/>\n\t<meta name=\"twitter:data1\" content=\"Mehwar Medias\" \/>\n<script type=\"application\/ld+json\" class=\"yoast-schema-graph\">{\"@context\":\"https:\\\/\\\/schema.org\",\"@graph\":[{\"@type\":\"Article\",\"@id\":\"https:\\\/\\\/grandmosque-iceland.is\\\/?p=1270#article\",\"isPartOf\":{\"@id\":\"https:\\\/\\\/grandmosque-iceland.is\\\/?p=1270\"},\"author\":{\"name\":\"Mehwar Medias\",\"@id\":\"https:\\\/\\\/grandmosque-iceland.is\\\/#\\\/schema\\\/person\\\/9bdfd07e80733baa73065e1c00cc1219\"},\"headline\":\"Fyrsti b\u00e6na\u00adturn \u00cds\u00adlands merki til heimsins um um\u00adbur\u00f0ar\u00adlyndi landsins\",\"datePublished\":\"2019-12-04T01:05:00+00:00\",\"dateModified\":\"2019-12-27T01:06:34+00:00\",\"mainEntityOfPage\":{\"@id\":\"https:\\\/\\\/grandmosque-iceland.is\\\/?p=1270\"},\"wordCount\":15,\"publisher\":{\"@id\":\"https:\\\/\\\/grandmosque-iceland.is\\\/#organization\"},\"image\":{\"@id\":\"https:\\\/\\\/grandmosque-iceland.is\\\/?p=1270#primaryimage\"},\"thumbnailUrl\":\"https:\\\/\\\/grandmosque-iceland.is\\\/wp-content\\\/uploads\\\/2019\\\/12\\\/A71A62CE3CA9CE76D668D2D623C444F17F4B8F56971377AD0051031B50EBF07F_713x0.jpg\",\"articleSection\":[\"Fr\u00e9ttir\"],\"inLanguage\":\"is\"},{\"@type\":\"WebPage\",\"@id\":\"https:\\\/\\\/grandmosque-iceland.is\\\/?p=1270\",\"url\":\"https:\\\/\\\/grandmosque-iceland.is\\\/?p=1270\",\"name\":\"Fyrsti b\u00e6na\u00adturn \u00cds\u00adlands merki til heimsins um um\u00adbur\u00f0ar\u00adlyndi landsins - St\u00f3rmoskan \u00e1 \u00edslands\",\"isPartOf\":{\"@id\":\"https:\\\/\\\/grandmosque-iceland.is\\\/#website\"},\"primaryImageOfPage\":{\"@id\":\"https:\\\/\\\/grandmosque-iceland.is\\\/?p=1270#primaryimage\"},\"image\":{\"@id\":\"https:\\\/\\\/grandmosque-iceland.is\\\/?p=1270#primaryimage\"},\"thumbnailUrl\":\"https:\\\/\\\/grandmosque-iceland.is\\\/wp-content\\\/uploads\\\/2019\\\/12\\\/A71A62CE3CA9CE76D668D2D623C444F17F4B8F56971377AD0051031B50EBF07F_713x0.jpg\",\"datePublished\":\"2019-12-04T01:05:00+00:00\",\"dateModified\":\"2019-12-27T01:06:34+00:00\",\"breadcrumb\":{\"@id\":\"https:\\\/\\\/grandmosque-iceland.is\\\/?p=1270#breadcrumb\"},\"inLanguage\":\"is\",\"potentialAction\":[{\"@type\":\"ReadAction\",\"target\":[\"https:\\\/\\\/grandmosque-iceland.is\\\/?p=1270\"]}]},{\"@type\":\"ImageObject\",\"inLanguage\":\"is\",\"@id\":\"https:\\\/\\\/grandmosque-iceland.is\\\/?p=1270#primaryimage\",\"url\":\"https:\\\/\\\/grandmosque-iceland.is\\\/wp-content\\\/uploads\\\/2019\\\/12\\\/A71A62CE3CA9CE76D668D2D623C444F17F4B8F56971377AD0051031B50EBF07F_713x0.jpg\",\"contentUrl\":\"https:\\\/\\\/grandmosque-iceland.is\\\/wp-content\\\/uploads\\\/2019\\\/12\\\/A71A62CE3CA9CE76D668D2D623C444F17F4B8F56971377AD0051031B50EBF07F_713x0.jpg\",\"width\":713,\"height\":475},{\"@type\":\"BreadcrumbList\",\"@id\":\"https:\\\/\\\/grandmosque-iceland.is\\\/?p=1270#breadcrumb\",\"itemListElement\":[{\"@type\":\"ListItem\",\"position\":1,\"name\":\"Home\",\"item\":\"https:\\\/\\\/grandmosque-iceland.is\\\/\"},{\"@type\":\"ListItem\",\"position\":2,\"name\":\"Fyrsti b\u00e6na\u00adturn \u00cds\u00adlands merki til heimsins um um\u00adbur\u00f0ar\u00adlyndi landsins\"}]},{\"@type\":\"WebSite\",\"@id\":\"https:\\\/\\\/grandmosque-iceland.is\\\/#website\",\"url\":\"https:\\\/\\\/grandmosque-iceland.is\\\/\",\"name\":\"St\u00f3rmoskan \u00e1 \u00edslands\",\"description\":\"\",\"publisher\":{\"@id\":\"https:\\\/\\\/grandmosque-iceland.is\\\/#organization\"},\"potentialAction\":[{\"@type\":\"SearchAction\",\"target\":{\"@type\":\"EntryPoint\",\"urlTemplate\":\"https:\\\/\\\/grandmosque-iceland.is\\\/?s={search_term_string}\"},\"query-input\":{\"@type\":\"PropertyValueSpecification\",\"valueRequired\":true,\"valueName\":\"search_term_string\"}}],\"inLanguage\":\"is\"},{\"@type\":\"Organization\",\"@id\":\"https:\\\/\\\/grandmosque-iceland.is\\\/#organization\",\"name\":\"St\u00f3rmoskan \u00e1 \u00edslands\",\"url\":\"https:\\\/\\\/grandmosque-iceland.is\\\/\",\"logo\":{\"@type\":\"ImageObject\",\"inLanguage\":\"is\",\"@id\":\"https:\\\/\\\/grandmosque-iceland.is\\\/#\\\/schema\\\/logo\\\/image\\\/\",\"url\":\"https:\\\/\\\/grandmosque-iceland.is\\\/wp-content\\\/uploads\\\/2019\\\/12\\\/logo-n-1.png\",\"contentUrl\":\"https:\\\/\\\/grandmosque-iceland.is\\\/wp-content\\\/uploads\\\/2019\\\/12\\\/logo-n-1.png\",\"width\":236,\"height\":85,\"caption\":\"St\u00f3rmoskan \u00e1 \u00edslands\"},\"image\":{\"@id\":\"https:\\\/\\\/grandmosque-iceland.is\\\/#\\\/schema\\\/logo\\\/image\\\/\"}},{\"@type\":\"Person\",\"@id\":\"https:\\\/\\\/grandmosque-iceland.is\\\/#\\\/schema\\\/person\\\/9bdfd07e80733baa73065e1c00cc1219\",\"name\":\"Mehwar Medias\",\"url\":\"https:\\\/\\\/grandmosque-iceland.is\\\/?author=1\"}]}<\/script>\n<!-- \/ Yoast SEO plugin. -->","yoast_head_json":{"title":"Fyrsti b\u00e6na\u00adturn \u00cds\u00adlands merki til heimsins um um\u00adbur\u00f0ar\u00adlyndi landsins - St\u00f3rmoskan \u00e1 \u00edslands","robots":{"index":"index","follow":"follow","max-snippet":"max-snippet:-1","max-image-preview":"max-image-preview:large","max-video-preview":"max-video-preview:-1"},"canonical":"https:\/\/grandmosque-iceland.is\/?p=1270","og_locale":"is_IS","og_type":"article","og_title":"Fyrsti b\u00e6na\u00adturn \u00cds\u00adlands merki til heimsins um um\u00adbur\u00f0ar\u00adlyndi landsins - St\u00f3rmoskan \u00e1 \u00edslands","og_url":"https:\/\/grandmosque-iceland.is\/?p=1270","og_site_name":"St\u00f3rmoskan \u00e1 \u00edslands","article_published_time":"2019-12-04T01:05:00+00:00","article_modified_time":"2019-12-27T01:06:34+00:00","og_image":[{"width":713,"height":475,"url":"https:\/\/grandmosque-iceland.is\/wp-content\/uploads\/2019\/12\/A71A62CE3CA9CE76D668D2D623C444F17F4B8F56971377AD0051031B50EBF07F_713x0.jpg","type":"image\/jpeg"}],"author":"Mehwar Medias","twitter_card":"summary_large_image","twitter_misc":{"Written by":"Mehwar Medias"},"schema":{"@context":"https:\/\/schema.org","@graph":[{"@type":"Article","@id":"https:\/\/grandmosque-iceland.is\/?p=1270#article","isPartOf":{"@id":"https:\/\/grandmosque-iceland.is\/?p=1270"},"author":{"name":"Mehwar Medias","@id":"https:\/\/grandmosque-iceland.is\/#\/schema\/person\/9bdfd07e80733baa73065e1c00cc1219"},"headline":"Fyrsti b\u00e6na\u00adturn \u00cds\u00adlands merki til heimsins um um\u00adbur\u00f0ar\u00adlyndi landsins","datePublished":"2019-12-04T01:05:00+00:00","dateModified":"2019-12-27T01:06:34+00:00","mainEntityOfPage":{"@id":"https:\/\/grandmosque-iceland.is\/?p=1270"},"wordCount":15,"publisher":{"@id":"https:\/\/grandmosque-iceland.is\/#organization"},"image":{"@id":"https:\/\/grandmosque-iceland.is\/?p=1270#primaryimage"},"thumbnailUrl":"https:\/\/grandmosque-iceland.is\/wp-content\/uploads\/2019\/12\/A71A62CE3CA9CE76D668D2D623C444F17F4B8F56971377AD0051031B50EBF07F_713x0.jpg","articleSection":["Fr\u00e9ttir"],"inLanguage":"is"},{"@type":"WebPage","@id":"https:\/\/grandmosque-iceland.is\/?p=1270","url":"https:\/\/grandmosque-iceland.is\/?p=1270","name":"Fyrsti b\u00e6na\u00adturn \u00cds\u00adlands merki til heimsins um um\u00adbur\u00f0ar\u00adlyndi landsins - St\u00f3rmoskan \u00e1 \u00edslands","isPartOf":{"@id":"https:\/\/grandmosque-iceland.is\/#website"},"primaryImageOfPage":{"@id":"https:\/\/grandmosque-iceland.is\/?p=1270#primaryimage"},"image":{"@id":"https:\/\/grandmosque-iceland.is\/?p=1270#primaryimage"},"thumbnailUrl":"https:\/\/grandmosque-iceland.is\/wp-content\/uploads\/2019\/12\/A71A62CE3CA9CE76D668D2D623C444F17F4B8F56971377AD0051031B50EBF07F_713x0.jpg","datePublished":"2019-12-04T01:05:00+00:00","dateModified":"2019-12-27T01:06:34+00:00","breadcrumb":{"@id":"https:\/\/grandmosque-iceland.is\/?p=1270#breadcrumb"},"inLanguage":"is","potentialAction":[{"@type":"ReadAction","target":["https:\/\/grandmosque-iceland.is\/?p=1270"]}]},{"@type":"ImageObject","inLanguage":"is","@id":"https:\/\/grandmosque-iceland.is\/?p=1270#primaryimage","url":"https:\/\/grandmosque-iceland.is\/wp-content\/uploads\/2019\/12\/A71A62CE3CA9CE76D668D2D623C444F17F4B8F56971377AD0051031B50EBF07F_713x0.jpg","contentUrl":"https:\/\/grandmosque-iceland.is\/wp-content\/uploads\/2019\/12\/A71A62CE3CA9CE76D668D2D623C444F17F4B8F56971377AD0051031B50EBF07F_713x0.jpg","width":713,"height":475},{"@type":"BreadcrumbList","@id":"https:\/\/grandmosque-iceland.is\/?p=1270#breadcrumb","itemListElement":[{"@type":"ListItem","position":1,"name":"Home","item":"https:\/\/grandmosque-iceland.is\/"},{"@type":"ListItem","position":2,"name":"Fyrsti b\u00e6na\u00adturn \u00cds\u00adlands merki til heimsins um um\u00adbur\u00f0ar\u00adlyndi landsins"}]},{"@type":"WebSite","@id":"https:\/\/grandmosque-iceland.is\/#website","url":"https:\/\/grandmosque-iceland.is\/","name":"St\u00f3rmoskan \u00e1 \u00edslands","description":"","publisher":{"@id":"https:\/\/grandmosque-iceland.is\/#organization"},"potentialAction":[{"@type":"SearchAction","target":{"@type":"EntryPoint","urlTemplate":"https:\/\/grandmosque-iceland.is\/?s={search_term_string}"},"query-input":{"@type":"PropertyValueSpecification","valueRequired":true,"valueName":"search_term_string"}}],"inLanguage":"is"},{"@type":"Organization","@id":"https:\/\/grandmosque-iceland.is\/#organization","name":"St\u00f3rmoskan \u00e1 \u00edslands","url":"https:\/\/grandmosque-iceland.is\/","logo":{"@type":"ImageObject","inLanguage":"is","@id":"https:\/\/grandmosque-iceland.is\/#\/schema\/logo\/image\/","url":"https:\/\/grandmosque-iceland.is\/wp-content\/uploads\/2019\/12\/logo-n-1.png","contentUrl":"https:\/\/grandmosque-iceland.is\/wp-content\/uploads\/2019\/12\/logo-n-1.png","width":236,"height":85,"caption":"St\u00f3rmoskan \u00e1 \u00edslands"},"image":{"@id":"https:\/\/grandmosque-iceland.is\/#\/schema\/logo\/image\/"}},{"@type":"Person","@id":"https:\/\/grandmosque-iceland.is\/#\/schema\/person\/9bdfd07e80733baa73065e1c00cc1219","name":"Mehwar Medias","url":"https:\/\/grandmosque-iceland.is\/?author=1"}]}},"amp_enabled":true,"_links":{"self":[{"href":"https:\/\/grandmosque-iceland.is\/index.php?rest_route=\/wp\/v2\/posts\/1270","targetHints":{"allow":["GET"]}}],"collection":[{"href":"https:\/\/grandmosque-iceland.is\/index.php?rest_route=\/wp\/v2\/posts"}],"about":[{"href":"https:\/\/grandmosque-iceland.is\/index.php?rest_route=\/wp\/v2\/types\/post"}],"author":[{"embeddable":true,"href":"https:\/\/grandmosque-iceland.is\/index.php?rest_route=\/wp\/v2\/users\/1"}],"replies":[{"embeddable":true,"href":"https:\/\/grandmosque-iceland.is\/index.php?rest_route=%2Fwp%2Fv2%2Fcomments&post=1270"}],"version-history":[{"count":2,"href":"https:\/\/grandmosque-iceland.is\/index.php?rest_route=\/wp\/v2\/posts\/1270\/revisions"}],"predecessor-version":[{"id":1272,"href":"https:\/\/grandmosque-iceland.is\/index.php?rest_route=\/wp\/v2\/posts\/1270\/revisions\/1272"}],"wp:featuredmedia":[{"embeddable":true,"href":"https:\/\/grandmosque-iceland.is\/index.php?rest_route=\/wp\/v2\/media\/1247"}],"wp:attachment":[{"href":"https:\/\/grandmosque-iceland.is\/index.php?rest_route=%2Fwp%2Fv2%2Fmedia&parent=1270"}],"wp:term":[{"taxonomy":"category","embeddable":true,"href":"https:\/\/grandmosque-iceland.is\/index.php?rest_route=%2Fwp%2Fv2%2Fcategories&post=1270"},{"taxonomy":"post_tag","embeddable":true,"href":"https:\/\/grandmosque-iceland.is\/index.php?rest_route=%2Fwp%2Fv2%2Ftags&post=1270"}],"curies":[{"name":"wp","href":"https:\/\/api.w.org\/{rel}","templated":true}]}}